{"id":731,"date":"2026-01-15T13:37:03","date_gmt":"2026-01-15T13:37:03","guid":{"rendered":"https:\/\/dev1.lasmimosasdelnalon.es\/?p=731"},"modified":"2026-01-22T14:46:37","modified_gmt":"2026-01-22T14:46:37","slug":"asturias-in-february-plans-festivals-and-flavours","status":"publish","type":"post","link":"https:\/\/lasmimosasdelnalon.es\/en\/asturias\/asturias-en-febrero-planes-fiestas-y-sabores\/","title":{"rendered":"Asturias in February: plans, festivals and flavours"},"content":{"rendered":"<h2 class=\"wp-block-heading\"><strong>Why come to Asturias in February?<\/strong><\/h2>\n\n\n\n<p>There are months that invite you to slow down. February in Asturias is one of them: seas with character, intense greenery, unhurried fishing villages and festivals that warm up the winter. It is also the season for sea urchins and spoon cuisine - a perfect plan for combining nature and gastronomy. During the week and outside long weekends you'll find fewer people and better prices.<\/p>\n\n\n\n<h2 class=\"wp-block-heading\"><strong>Where to stay<\/strong><\/h2>\n\n\n\n<p>San Juan de la Arena (L'Arena), on the central coast, a stone's throw from Avil\u00e9s, Gij\u00f3n, Oviedo and Los Quebrantos beach. It is a seaside town, with a riverside promenade, ports and authentic Cantabrian cuisine.&nbsp;<\/p>\n\n\n\n<h2 class=\"wp-block-heading\"><strong>February events and festivals (indicative dates for 2026)<\/strong><\/h2>\n\n\n\n<p>The dates of Carnival vary from year to year. Here are official\/municipal references for 2026<\/p>\n\n\n\n<p><strong>Antroxu de Avil\u00e9s (Carnival):<\/strong>&nbsp;parades, charangas and the famous Descent of Galiana. In 2026 the municipal programme brought forward competitions and activities; the Descent is planned on a Sunday as part of the Antroxu cycle.&nbsp;<\/p>\n\n\n\n<p>Avil\u00e9s<\/p>\n\n\n\n<p><strong>Gij\u00f3n Antroxu:<\/strong>&nbsp;big street party with burial of the sardine; Gij\u00f3n sets Shrove Tuesday as a local holiday (17 Feb 2026).&nbsp;<\/p>\n\n\n\n<p><strong>Antroxu in Oviedo:<\/strong>&nbsp;is held the weekend after Shrove Tuesday, with menus and activities for families.&nbsp;<\/p>\n\n\n\n<p>Visit Oviedo<\/p>\n\n\n\n<p><strong>Cristo del Socorro, Luanco (Goz\u00f3n) - 5 February:<\/strong>&nbsp;seafaring tradition and procession along the Bay of Biscay, an identity festival on the central coast.&nbsp;<\/p>\n\n\n\n<p>Updated regional agenda: consult the Asturias Tourism Agenda for exhibitions, theatre and gastronomic events that are added every week.&nbsp;<\/p>\n\n\n\n<h2 class=\"wp-block-heading\"><strong>Winter flavours: sea urchins, elver and pot<\/strong><\/h2>\n\n\n\n<p><strong>Sea Urchin&nbsp;<\/strong>(sea urchins): their best season is January-March; in Asturias they are consumed fresh and in signature recipes. Harvesting is regulated and usually starts in February and March with quotas for shellfish gatherers. Try them in cider bars and coastal restaurants.&nbsp;<\/p>\n\n\n\n<p><strong>Antroxu menu (Oviedo and other towns):&nbsp;<\/strong>stew with compango and traditional pastries (frixuelos, casadiellas...).&nbsp;<\/p>\n\n\n\n<p><strong>San Juan de la Arena, the \u201cangular capital\u201d:<\/strong>&nbsp;the tradition of the angulera is still very present in the town and its seafood gastronomy.&nbsp;<\/p>\n\n\n\n<h2 class=\"wp-block-heading\"><strong>Nature you can feel (from San Juan de la Arena)<\/strong><\/h2>\n\n\n\n<p><strong>Play\u00f3n de Los Quebrantos and riverside promenade:&nbsp;<\/strong>walk on the dark sand, listen to the waves and return with the sunset along the boardwalk.&nbsp;<\/p>\n\n\n\n<p><strong>Nal\u00f3n estuary:&nbsp;<\/strong>estuary with muddy plains and interesting riverside vegetation; in L'Arena you have the \u201cPuerta del Mar\u201d Interpretation Centre to understand its environmental value and the culture of the elver.&nbsp;<\/p>\n\n\n\n<p><strong>Coastal path (San Juan de Nieva - San Juan de la Arena stage):<\/strong>&nbsp;cliffs, viewpoints towards Cabo Pe\u00f1as and the central coast, ideal on clear winter days.&nbsp;<\/p>\n\n\n\n<h2 class=\"wp-block-heading\"><strong>Perfect 3-day plan in February<\/strong><\/h2>\n\n\n\n<h3 class=\"wp-block-heading\"><strong>Day 1 - Sea and tradition<\/strong><\/h3>\n\n\n\n<p>Morning in Los Quebrantos. Seafood lunch in L'Arena (ask for sea urchins if available). Afternoon at the Nal\u00f3n Estuary Interpretation Centre. If it coincides, go to Luanco (20 min) for the Cristo del Socorro (5th February).&nbsp;<\/p>\n\n\n\n<h3 class=\"wp-block-heading\"><strong>Day 2 - Antroxu and city<\/strong><\/h3>\n\n\n\n<p>Avil\u00e9s (15-20 min): old town + Antroxu. If you like the streets and fancy dress, Gij\u00f3n or Oviedo at the weekend. Antroxu menu dinner.&nbsp;<\/p>\n\n\n\n<h3 class=\"wp-block-heading\"><strong>Day 3 - Unhurried Central Coast<\/strong><\/h3>\n\n\n\n<p>Route around Cabo Pe\u00f1as and fishing ports; if the day is closed, alternative museums and cider houses. Consult the Asturias Tourism Agenda for theatre and music.&nbsp;<\/p>\n\n\n\n<h2 class=\"wp-block-heading\"><strong>Practical tips for February<\/strong><\/h2>\n\n\n\n<p><strong>Clothing:<\/strong>&nbsp;layers, light mackintosh and shoes with wet soles.<\/p>\n\n\n\n<p><strong>Driving:&nbsp;<\/strong>curvy coastal roads; changeable weather.<\/p>\n\n\n\n<p><strong>Reservations<\/strong>For sea urchins and special menus, reservations are recommended. (Season January-March, subject to availability and catch quotas).&nbsp;<\/p>\n\n\n\n<h2 class=\"wp-block-heading\"><strong>Why stay in San Juan de la Arena (central coast)?<\/strong><\/h2>\n\n\n\n<ul class=\"wp-block-list\">\n<li><strong>Location 10\/10:\u00a0<\/strong>you are in the centre of the Asturian coast, with motorway and fast connections to Avil\u00e9s, Gij\u00f3n, Oviedo and airports.<\/li>\n\n\n\n<li><strong>Authentic seafaring atmosphere:\u00a0<\/strong>promenades, small harbour, restaurants and the beach of Los Quebrantos on foot.\u00a0<\/li>\n\n\n\n<li><strong>A great plan all year round:\u00a0<\/strong>nature, gentle surf on good days, estuarine birds and lots of local life without overcrowding.\u00a0<\/li>\n<\/ul>\n\n\n\n<h2 class=\"wp-block-heading\"><strong>Coming to Asturias?<\/strong><\/h2>\n\n\n\n<p><strong>Las Mimosas del Nal\u00f3n is your home in Asturias:<\/strong>&nbsp;soft sheets, the smell of bread, windows overlooking the estuary and winter silence. From here, Antroxu, sea and cider are just a short drive away.<\/p>\n\n\n\n<p><strong>Are you coming in February?&nbsp;<\/strong>Write to us and we'll save you a fireplace, tips and a table to taste sea urchins.<\/p>\n\n\n\n<p><\/p>\n\n\n\n<div class=\"schema-faq wp-block-yoast-faq-block\"><div class=\"schema-faq-section\" id=\"faq-question-1768484125464\"><strong class=\"schema-faq-question\"><strong>What is the weather like in Asturias in February?<\/strong><\/strong> <p class=\"schema-faq-answer\">Atlantic winter: cool, wet and changeable; bright days between fronts. Perfect for warm walking, photographing waves and enjoying spoon-fed cuisine (check the local report before setting off).\u00a0<\/p> <\/div> <div class=\"schema-faq-section\" id=\"faq-question-1768484199512\"><strong class=\"schema-faq-question\"><strong>When is Antroxu (Carnival) in Asturias?<\/strong><\/strong> <p class=\"schema-faq-answer\">Varies every year; in 2026 Shrove Tuesday is 17 February (public holiday in Gij\u00f3n and Illano, among others). Programmes in Avil\u00e9s, Gij\u00f3n and Oviedo on the nearby weekend.\u00a0<\/p> <\/div> <div class=\"schema-faq-section\" id=\"faq-question-1768484160233\"><strong class=\"schema-faq-question\"><strong>Is it a good time to eat sea urchins?<\/strong><\/strong> <p class=\"schema-faq-answer\">Yes, January-March is in season; always in premises that work with legal and seasonal products.\u00a0<br\/><\/p> <\/div> <\/div>","protected":false},"excerpt":{"rendered":"<p>Why come to Asturias in February? There are months that invite you to slow down. February in Asturias is one of them: seas with character, intense greenery, unhurried fishing villages and festivals that warm up the winter. It is also the season for sea urchins and spoon cuisine - a perfect plan for combining nature and gastronomy. During the week and outside long weekends you'll find fewer people and better prices. Where to stay San Juan de la Arena (L'Arena), on the central coast, a stone's throw from Avil\u00e9s, Gij\u00f3n, Oviedo and Los Quebrantos beach. It is a seaside town, with a riverside promenade, ports and authentic Cantabrian cuisine.  Events and festivals in February (approximate dates for 2026) The dates of the Carnival vary each year. Here are official\/municipal references for 2026 Antroxu de Avil\u00e9s (Carnival): parades, charangas and the famous Descent of Galiana. In 2026 the municipal programme brought forward competitions and activities; the Descent is planned on Sunday within the Antroxu cycle.  Avil\u00e9s Antroxu in Gij\u00f3n: big street party with burial of the sardine; Gij\u00f3n sets Shrove Tuesday as a local holiday (17 Feb 2026).  Antroxu in Oviedo: held the weekend after Shrove Tuesday, with menus and activities for families.  Visit Oviedo Cristo del Socorro, Luanco (Goz\u00f3n) - 5 February: seafaring tradition and procession by the Bay of Biscay, an identity festival on the central coast.  Updated regional agenda: check the Asturias Tourism Agenda for exhibitions, theatre and gastronomic events that are added every week.  Winter flavours: sea urchins (sea urchins): their best season is January-March; in Asturias they are eaten fresh and in signature recipes. Harvesting is regulated and usually starts in February and March with quotas for shellfish gatherers. Try them in cider houses and coastal restaurants.  Antroxu menu (Oviedo and other towns): pote con compango and traditional pastries (frixuelos, casadiellas...).  San Juan de la Arena, \u201ccapital of the angulera\u201d: the angulera tradition is still very present in the town and its seafood gastronomy.  Nature you can feel (from San Juan de la Arena) Los Quebrantos beach and riverside promenade: walk on dark sand, listen to the waves and return at sunset along the boardwalk.  Nal\u00f3n estuary: estuary with muddy plains and interesting riverside vegetation; in L'Arena you have the \u201cPuerta del Mar\u201d Interpretation Centre to understand its environmental value and the culture of the elver.  Coastal path (San Juan de Nieva - San Juan de la Arena stage): cliffs, viewpoints towards Cabo Pe\u00f1as and the central coast, ideal on clear winter days.  Perfect 3-day plan in February Day 1 - Sea and tradition Morning in Los Quebrantos. Seafood lunch at L'Arena (ask for sea urchins if available). Afternoon at the Nal\u00f3n Estuary Interpretation Centre. If it coincides, go to Luanco (20 min) for the Cristo del Socorro (5th February).  Day 2 - Antroxu and city Avil\u00e9s (15-20 min): old town + Antroxu. If you are a street and costume person, Gij\u00f3n or Oviedo on the weekend. Antroxu menu dinner.  Day 3 - Unhurried central coast Route around Cabo Pe\u00f1as and fishing ports; if the day is closed, alternative of museums and cider houses. Check the Asturias Tourism Agenda for theatre and music.  Practical advice for February Clothing: layers, light mackintosh and wet-soled shoes. Driving: winding coastal roads; changeable weather. Reservations: for sea urchins and special menus, reservations are advisable. (January-March season, subject to availability and catch quotas).  Why stay in San Juan de la Arena (central coast) Are you coming to Asturias? Las Mimosas del Nal\u00f3n is your home in Asturias: soft sheets, the smell of bread, windows overlooking the estuary and winter silence. From here, Antroxu, sea and cider are just a short drive away. Are you coming in February? Write to us and we'll save you a fireplace, tips and a table for tasting sea urchins.<\/p>","protected":false},"author":1,"featured_media":535,"comment_status":"open","ping_status":"open","sticky":false,"template":"","format":"standard","meta":{"footnotes":""},"categories":[1,17],"tags":[],"class_list":["post-731","post","type-post","status-publish","format-standard","has-post-thumbnail","hentry","category-asturias","category-planes-en-asturias"],"yoast_head":"<!-- This site is optimized with the Yoast SEO plugin v27.2 - https:\/\/yoast.com\/product\/yoast-seo-wordpress\/ -->\n<title>Asturias en febrero: planes, fiestas y sabores &#8212; Las Mimosas del Nal\u00f3n<\/title>\n<meta name=\"robots\" content=\"index, follow, max-snippet:-1, max-image-preview:large, max-video-preview:-1\" \/>\n<link rel=\"canonical\" href=\"https:\/\/lasmimosasdelnalon.es\/en\/asturias\/asturias-in-february-plans-festivals-and-flavours\/\" \/>\n<meta property=\"og:locale\" content=\"en_GB\" \/>\n<meta property=\"og:type\" content=\"article\" \/>\n<meta property=\"og:title\" content=\"Asturias en febrero: planes, fiestas y sabores &#8212; Las Mimosas del Nal\u00f3n\" \/>\n<meta property=\"og:description\" content=\"\u00bfPor qu\u00e9 venir a Asturias en febrero? Hay meses que invitan a bajar el ritmo. Febrero en Asturias es uno de ellos: mares con car\u00e1cter, verdes intensos, pueblos marineros sin prisas y fiestas que calientan el invierno. Adem\u00e1s, es temporada de oricios (erizos de mar) y de cocina de cuchara \u2014un plan perfecto para combinar naturaleza y gastronom\u00eda. Entre semana y fuera de puentes encontrar\u00e1s menos gente y mejores precios. D\u00f3nde alojarse San Juan de la Arena (L\u2019Arena), en la costa central, a un paso de Avil\u00e9s, Gij\u00f3n, Oviedo y del play\u00f3n de Los Quebrantos. Es villa marinera, con paseo fluvial, puertos y cocina cant\u00e1brica aut\u00e9ntica.&nbsp; Eventos y fiestas de febrero (fechas orientativas para 2026) Las fechas del Carnaval var\u00edan cada a\u00f1o. Aqu\u00ed tienes referencias oficiales\/municipales para 2026 Antroxu de Avil\u00e9s (Carnaval):&nbsp;desfiles, charangas y el famoso Descenso de Galiana. En 2026 el programa municipal adelant\u00f3 concursos y actividades; el Descenso est\u00e1 planificado en domingo dentro del ciclo de Antroxu.&nbsp; Avil\u00e9s Antroxu de Gij\u00f3n:&nbsp;fiesta grande en la calle con entierro de la sardina; Gij\u00f3n fija como festivo local el martes de Carnaval (17 feb 2026).&nbsp; Antroxu en Oviedo:&nbsp;se celebra el fin de semana siguiente al martes de Carnaval, con men\u00fas y actividades para familias.&nbsp; Visita Oviedo Cristo del Socorro, Luanco (Goz\u00f3n) \u2013 5 de febrero:&nbsp;tradici\u00f3n marinera y procesi\u00f3n junto al Cant\u00e1brico, fiesta identitaria en la costa central.&nbsp; Agenda regional actualizada: consulta la Agenda de Turismo de Asturias para exposiciones, teatro y jornadas gastron\u00f3micas que se suman cada semana.&nbsp; Sabores de invierno: oricios, angula y pote Oricios&nbsp;(erizos de mar): su mejor temporada es enero\u2013marzo; en Asturias se consumen frescos y en recetas de autor. La recolecci\u00f3n est\u00e1 regulada y suele activarse en febrero y marzo con cupos para mariscadores. Pru\u00e9balos en sidrer\u00edas y restaurantes costeros.&nbsp; Men\u00fa de Antroxu (Oviedo y otras villas):&nbsp;pote con compango y reposter\u00eda tradicional (frixuelos, casadiellas\u2026).&nbsp; San Juan de la Arena, \u201ccapital angulera\u201d:&nbsp;la tradici\u00f3n angulera sigue muy presente en la villa y su gastronom\u00eda marinera.&nbsp; Naturaleza que se siente (desde San Juan de la Arena) Play\u00f3n de Los Quebrantos y paseo fluvial:&nbsp;caminar sobre arena oscura, escuchar el oleaje y volver con el atardecer por el malec\u00f3n.&nbsp; R\u00eda del Nal\u00f3n:&nbsp;estuario con llanuras fangosas y vegetaci\u00f3n de ribera de inter\u00e9s; en L\u2019Arena tienes el Centro de Interpretaci\u00f3n \u201cPuerta del Mar\u201d para entender su valor ambiental y la cultura de la angula.&nbsp; Senda costera (etapa San Juan de Nieva \u2013 San Juan de la Arena):&nbsp;acantilados, miradores hacia Cabo Pe\u00f1as y la costa central, ideal en d\u00edas claros de invierno.&nbsp; Plan perfecto de 3 d\u00edas en febrero D\u00eda 1 \u2014 Mar y tradici\u00f3n Ma\u00f1ana en Los Quebrantos. Comida marinera en L\u2019Arena (pregunta por oricios si los hay). Tarde en el Centro de Interpretaci\u00f3n de la R\u00eda del Nal\u00f3n. Si coincide, ac\u00e9rcate a Luanco (20 min) por el Cristo del Socorro (5 de febrero).&nbsp; D\u00eda 2 \u2014 Antroxu y ciudad Avil\u00e9s (15\u201320 min): casco hist\u00f3rico + Antroxu. Si eres de calle y disfraz, Gij\u00f3n u Oviedo el fin de semana. Cena de men\u00fa de Antroxu.&nbsp; D\u00eda 3 \u2014 Costa central sin prisas Ruta por Cabo Pe\u00f1as y puertos marineros; si el d\u00eda est\u00e1 cerrado, alternativa de museos y sidrer\u00edas. Consulta la Agenda de Turismo de Asturias para teatro y m\u00fasica.&nbsp; Consejos pr\u00e1cticos para febrero Ropa:&nbsp;capas, impermeable ligero y calzado con suela para mojado. Conducci\u00f3n:&nbsp;carreteras costeras con curvas; tiempo cambiante. Reservas: para oricios y men\u00fas especiales conviene reservar. (Temporada enero\u2013marzo, sujeta a disponibilidad y cupos de captura).&nbsp; Por qu\u00e9 alojarte en San Juan de la Arena (costa central) \u00bfVienes a Asturias? Las Mimosas del Nal\u00f3n es tu casa en Asturias:&nbsp;s\u00e1banas suaves, olor a pan, ventanas a la r\u00eda y silencio de invierno. Desde aqu\u00ed, Antroxu, mar y sidra quedan a un paseo en coche. \u00bfTe vienes en febrero?&nbsp;Escr\u00edbenos y te guardamos chimenea, consejos y mesa para probar oricios.\" \/>\n<meta property=\"og:url\" content=\"https:\/\/lasmimosasdelnalon.es\/en\/asturias\/asturias-in-february-plans-festivals-and-flavours\/\" \/>\n<meta property=\"og:site_name\" content=\"Las Mimosas del Nal\u00f3n\" \/>\n<meta property=\"article:published_time\" content=\"2026-01-15T13:37:03+00:00\" \/>\n<meta property=\"article:modified_time\" content=\"2026-01-22T14:46:37+00:00\" \/>\n<meta property=\"og:image\" content=\"https:\/\/lasmimosasdelnalon.es\/wp-content\/uploads\/2026\/01\/Apartamentos-Las-Mimosas-del-Nalon-\u2013-19.jpg\" \/>\n\t<meta property=\"og:image:width\" content=\"1200\" \/>\n\t<meta property=\"og:image:height\" content=\"800\" \/>\n\t<meta property=\"og:image:type\" content=\"image\/jpeg\" \/>\n<meta name=\"author\" content=\"admin\" \/>\n<meta name=\"twitter:card\" content=\"summary_large_image\" \/>\n<meta name=\"twitter:label1\" content=\"Written by\" \/>\n\t<meta name=\"twitter:data1\" content=\"admin\" \/>\n\t<meta name=\"twitter:label2\" content=\"Estimated reading time\" \/>\n\t<meta name=\"twitter:data2\" content=\"4 minutes\" \/>\n<script type=\"application\/ld+json\" class=\"yoast-schema-graph\">{\"@context\":\"https:\/\/schema.org\",\"@graph\":[{\"@type\":\"Article\",\"@id\":\"https:\/\/lasmimosasdelnalon.es\/asturias\/asturias-en-febrero-planes-fiestas-y-sabores\/#article\",\"isPartOf\":{\"@id\":\"https:\/\/lasmimosasdelnalon.es\/asturias\/asturias-en-febrero-planes-fiestas-y-sabores\/\"},\"author\":{\"name\":\"admin\",\"@id\":\"https:\/\/lasmimosasdelnalon.es\/#\/schema\/person\/03aa239304d9f51a7d1c9fa680861b0c\"},\"headline\":\"Asturias en febrero: planes, fiestas y sabores\",\"datePublished\":\"2026-01-15T13:37:03+00:00\",\"dateModified\":\"2026-01-22T14:46:37+00:00\",\"mainEntityOfPage\":{\"@id\":\"https:\/\/lasmimosasdelnalon.es\/asturias\/asturias-en-febrero-planes-fiestas-y-sabores\/\"},\"wordCount\":898,\"commentCount\":0,\"publisher\":{\"@id\":\"https:\/\/lasmimosasdelnalon.es\/#organization\"},\"image\":{\"@id\":\"https:\/\/lasmimosasdelnalon.es\/asturias\/asturias-en-febrero-planes-fiestas-y-sabores\/#primaryimage\"},\"thumbnailUrl\":\"https:\/\/lasmimosasdelnalon.es\/wp-content\/uploads\/2026\/01\/Apartamentos-Las-Mimosas-del-Nalon-\u2013-19.jpg\",\"articleSection\":[\"Asturias\",\"Planes en Asturias\"],\"inLanguage\":\"en-GB\",\"potentialAction\":[{\"@type\":\"CommentAction\",\"name\":\"Comment\",\"target\":[\"https:\/\/lasmimosasdelnalon.es\/asturias\/asturias-en-febrero-planes-fiestas-y-sabores\/#respond\"]}]},{\"@type\":[\"WebPage\",\"FAQPage\"],\"@id\":\"https:\/\/lasmimosasdelnalon.es\/asturias\/asturias-en-febrero-planes-fiestas-y-sabores\/\",\"url\":\"https:\/\/lasmimosasdelnalon.es\/asturias\/asturias-en-febrero-planes-fiestas-y-sabores\/\",\"name\":\"Asturias en febrero: planes, fiestas y sabores &#8212; Las Mimosas del Nal\u00f3n\",\"isPartOf\":{\"@id\":\"https:\/\/lasmimosasdelnalon.es\/#website\"},\"primaryImageOfPage\":{\"@id\":\"https:\/\/lasmimosasdelnalon.es\/asturias\/asturias-en-febrero-planes-fiestas-y-sabores\/#primaryimage\"},\"image\":{\"@id\":\"https:\/\/lasmimosasdelnalon.es\/asturias\/asturias-en-febrero-planes-fiestas-y-sabores\/#primaryimage\"},\"thumbnailUrl\":\"https:\/\/lasmimosasdelnalon.es\/wp-content\/uploads\/2026\/01\/Apartamentos-Las-Mimosas-del-Nalon-\u2013-19.jpg\",\"datePublished\":\"2026-01-15T13:37:03+00:00\",\"dateModified\":\"2026-01-22T14:46:37+00:00\",\"breadcrumb\":{\"@id\":\"https:\/\/lasmimosasdelnalon.es\/asturias\/asturias-en-febrero-planes-fiestas-y-sabores\/#breadcrumb\"},\"mainEntity\":[{\"@id\":\"https:\/\/lasmimosasdelnalon.es\/asturias\/asturias-en-febrero-planes-fiestas-y-sabores\/#faq-question-1768484125464\"},{\"@id\":\"https:\/\/lasmimosasdelnalon.es\/asturias\/asturias-en-febrero-planes-fiestas-y-sabores\/#faq-question-1768484199512\"},{\"@id\":\"https:\/\/lasmimosasdelnalon.es\/asturias\/asturias-en-febrero-planes-fiestas-y-sabores\/#faq-question-1768484160233\"}],\"inLanguage\":\"en-GB\",\"potentialAction\":[{\"@type\":\"ReadAction\",\"target\":[\"https:\/\/lasmimosasdelnalon.es\/asturias\/asturias-en-febrero-planes-fiestas-y-sabores\/\"]}]},{\"@type\":\"ImageObject\",\"inLanguage\":\"en-GB\",\"@id\":\"https:\/\/lasmimosasdelnalon.es\/asturias\/asturias-en-febrero-planes-fiestas-y-sabores\/#primaryimage\",\"url\":\"https:\/\/lasmimosasdelnalon.es\/wp-content\/uploads\/2026\/01\/Apartamentos-Las-Mimosas-del-Nalon-\u2013-19.jpg\",\"contentUrl\":\"https:\/\/lasmimosasdelnalon.es\/wp-content\/uploads\/2026\/01\/Apartamentos-Las-Mimosas-del-Nalon-\u2013-19.jpg\",\"width\":1200,\"height\":800},{\"@type\":\"BreadcrumbList\",\"@id\":\"https:\/\/lasmimosasdelnalon.es\/asturias\/asturias-en-febrero-planes-fiestas-y-sabores\/#breadcrumb\",\"itemListElement\":[{\"@type\":\"ListItem\",\"position\":1,\"name\":\"Portada\",\"item\":\"https:\/\/lasmimosasdelnalon.es\/\"},{\"@type\":\"ListItem\",\"position\":2,\"name\":\"Asturias en febrero: planes, fiestas y sabores\"}]},{\"@type\":\"WebSite\",\"@id\":\"https:\/\/lasmimosasdelnalon.es\/#website\",\"url\":\"https:\/\/lasmimosasdelnalon.es\/\",\"name\":\"Las Mimosas del Nal\u00f3n\",\"description\":\"Alojamiento rural en Asturias\",\"publisher\":{\"@id\":\"https:\/\/lasmimosasdelnalon.es\/#organization\"},\"potentialAction\":[{\"@type\":\"SearchAction\",\"target\":{\"@type\":\"EntryPoint\",\"urlTemplate\":\"https:\/\/lasmimosasdelnalon.es\/?s={search_term_string}\"},\"query-input\":{\"@type\":\"PropertyValueSpecification\",\"valueRequired\":true,\"valueName\":\"search_term_string\"}}],\"inLanguage\":\"en-GB\"},{\"@type\":\"Organization\",\"@id\":\"https:\/\/lasmimosasdelnalon.es\/#organization\",\"name\":\"Las Mimosas del Nal\u00f3n\",\"url\":\"https:\/\/lasmimosasdelnalon.es\/\",\"logo\":{\"@type\":\"ImageObject\",\"inLanguage\":\"en-GB\",\"@id\":\"https:\/\/lasmimosasdelnalon.es\/#\/schema\/logo\/image\/\",\"url\":\"https:\/\/lasmimosasdelnalon.es\/wp-content\/uploads\/2026\/01\/1.1.-4-tintas-sin-fondo-scaled.png\",\"contentUrl\":\"https:\/\/lasmimosasdelnalon.es\/wp-content\/uploads\/2026\/01\/1.1.-4-tintas-sin-fondo-scaled.png\",\"width\":2560,\"height\":1879,\"caption\":\"Las Mimosas del Nal\u00f3n\"},\"image\":{\"@id\":\"https:\/\/lasmimosasdelnalon.es\/#\/schema\/logo\/image\/\"},\"sameAs\":[\"https:\/\/www.instagram.com\/lasmimosasdelnalon\/\",\"https:\/\/www.youtube.com\/@lasmimosasdelnalon\"]},{\"@type\":\"Person\",\"@id\":\"https:\/\/lasmimosasdelnalon.es\/#\/schema\/person\/03aa239304d9f51a7d1c9fa680861b0c\",\"name\":\"admin\",\"image\":{\"@type\":\"ImageObject\",\"inLanguage\":\"en-GB\",\"@id\":\"https:\/\/secure.gravatar.com\/avatar\/49f20bf2bd067ed4d18c068d369c17519c606bb2792798b42c5f72960d0d8e0b?s=96&d=mm&r=g\",\"url\":\"https:\/\/secure.gravatar.com\/avatar\/49f20bf2bd067ed4d18c068d369c17519c606bb2792798b42c5f72960d0d8e0b?s=96&d=mm&r=g\",\"contentUrl\":\"https:\/\/secure.gravatar.com\/avatar\/49f20bf2bd067ed4d18c068d369c17519c606bb2792798b42c5f72960d0d8e0b?s=96&d=mm&r=g\",\"caption\":\"admin\"},\"sameAs\":[\"https:\/\/lasmimosasdelnalon.es\"],\"url\":\"https:\/\/lasmimosasdelnalon.es\/en\/author\/admin\/\"},{\"@type\":\"Question\",\"@id\":\"https:\/\/lasmimosasdelnalon.es\/asturias\/asturias-en-febrero-planes-fiestas-y-sabores\/#faq-question-1768484125464\",\"position\":1,\"url\":\"https:\/\/lasmimosasdelnalon.es\/asturias\/asturias-en-febrero-planes-fiestas-y-sabores\/#faq-question-1768484125464\",\"name\":\"\u00bfQu\u00e9 tiempo hace en Asturias en febrero?\",\"answerCount\":1,\"acceptedAnswer\":{\"@type\":\"Answer\",\"text\":\"Invierno atl\u00e1ntico: fresco, h\u00famedo y cambiante; d\u00edas luminosos entre frentes. Perfecto para caminar abrigados, fotografiar olas y disfrutar de cocina de cuchara. (Consulta el parte local antes de salir).\u00a0\",\"inLanguage\":\"en-GB\"},\"inLanguage\":\"en-GB\"},{\"@type\":\"Question\",\"@id\":\"https:\/\/lasmimosasdelnalon.es\/asturias\/asturias-en-febrero-planes-fiestas-y-sabores\/#faq-question-1768484199512\",\"position\":2,\"url\":\"https:\/\/lasmimosasdelnalon.es\/asturias\/asturias-en-febrero-planes-fiestas-y-sabores\/#faq-question-1768484199512\",\"name\":\"\u00bfCu\u00e1ndo es el Antroxu (Carnaval) en Asturias?\",\"answerCount\":1,\"acceptedAnswer\":{\"@type\":\"Answer\",\"text\":\"Var\u00eda cada a\u00f1o; en 2026 el martes de Carnaval es el 17 de febrero (festivo en Gij\u00f3n e Illano, entre otros). Programas en Avil\u00e9s, Gij\u00f3n y Oviedo el fin de semana cercano.\u00a0\",\"inLanguage\":\"en-GB\"},\"inLanguage\":\"en-GB\"},{\"@type\":\"Question\",\"@id\":\"https:\/\/lasmimosasdelnalon.es\/asturias\/asturias-en-febrero-planes-fiestas-y-sabores\/#faq-question-1768484160233\",\"position\":3,\"url\":\"https:\/\/lasmimosasdelnalon.es\/asturias\/asturias-en-febrero-planes-fiestas-y-sabores\/#faq-question-1768484160233\",\"name\":\"\u00bfEs buena \u00e9poca para comer oricios?\",\"answerCount\":1,\"acceptedAnswer\":{\"@type\":\"Answer\",\"text\":\"S\u00ed, enero\u2013marzo es temporada; siempre en locales que trabajen producto legal y de temporada.\u00a0<br\/>\",\"inLanguage\":\"en-GB\"},\"inLanguage\":\"en-GB\"}]}<\/script>\n<!-- \/ Yoast SEO plugin. -->","yoast_head_json":{"title":"Asturias in February: plans, festivals and flavours - Las Mimosas del Nal\u00f3n","robots":{"index":"index","follow":"follow","max-snippet":"max-snippet:-1","max-image-preview":"max-image-preview:large","max-video-preview":"max-video-preview:-1"},"canonical":"https:\/\/lasmimosasdelnalon.es\/en\/asturias\/asturias-in-february-plans-festivals-and-flavours\/","og_locale":"en_GB","og_type":"article","og_title":"Asturias en febrero: planes, fiestas y sabores &#8212; Las Mimosas del Nal\u00f3n","og_description":"\u00bfPor qu\u00e9 venir a Asturias en febrero? Hay meses que invitan a bajar el ritmo. Febrero en Asturias es uno de ellos: mares con car\u00e1cter, verdes intensos, pueblos marineros sin prisas y fiestas que calientan el invierno. Adem\u00e1s, es temporada de oricios (erizos de mar) y de cocina de cuchara \u2014un plan perfecto para combinar naturaleza y gastronom\u00eda. Entre semana y fuera de puentes encontrar\u00e1s menos gente y mejores precios. D\u00f3nde alojarse San Juan de la Arena (L\u2019Arena), en la costa central, a un paso de Avil\u00e9s, Gij\u00f3n, Oviedo y del play\u00f3n de Los Quebrantos. Es villa marinera, con paseo fluvial, puertos y cocina cant\u00e1brica aut\u00e9ntica.&nbsp; Eventos y fiestas de febrero (fechas orientativas para 2026) Las fechas del Carnaval var\u00edan cada a\u00f1o. Aqu\u00ed tienes referencias oficiales\/municipales para 2026 Antroxu de Avil\u00e9s (Carnaval):&nbsp;desfiles, charangas y el famoso Descenso de Galiana. En 2026 el programa municipal adelant\u00f3 concursos y actividades; el Descenso est\u00e1 planificado en domingo dentro del ciclo de Antroxu.&nbsp; Avil\u00e9s Antroxu de Gij\u00f3n:&nbsp;fiesta grande en la calle con entierro de la sardina; Gij\u00f3n fija como festivo local el martes de Carnaval (17 feb 2026).&nbsp; Antroxu en Oviedo:&nbsp;se celebra el fin de semana siguiente al martes de Carnaval, con men\u00fas y actividades para familias.&nbsp; Visita Oviedo Cristo del Socorro, Luanco (Goz\u00f3n) \u2013 5 de febrero:&nbsp;tradici\u00f3n marinera y procesi\u00f3n junto al Cant\u00e1brico, fiesta identitaria en la costa central.&nbsp; Agenda regional actualizada: consulta la Agenda de Turismo de Asturias para exposiciones, teatro y jornadas gastron\u00f3micas que se suman cada semana.&nbsp; Sabores de invierno: oricios, angula y pote Oricios&nbsp;(erizos de mar): su mejor temporada es enero\u2013marzo; en Asturias se consumen frescos y en recetas de autor. La recolecci\u00f3n est\u00e1 regulada y suele activarse en febrero y marzo con cupos para mariscadores. Pru\u00e9balos en sidrer\u00edas y restaurantes costeros.&nbsp; Men\u00fa de Antroxu (Oviedo y otras villas):&nbsp;pote con compango y reposter\u00eda tradicional (frixuelos, casadiellas\u2026).&nbsp; San Juan de la Arena, \u201ccapital angulera\u201d:&nbsp;la tradici\u00f3n angulera sigue muy presente en la villa y su gastronom\u00eda marinera.&nbsp; Naturaleza que se siente (desde San Juan de la Arena) Play\u00f3n de Los Quebrantos y paseo fluvial:&nbsp;caminar sobre arena oscura, escuchar el oleaje y volver con el atardecer por el malec\u00f3n.&nbsp; R\u00eda del Nal\u00f3n:&nbsp;estuario con llanuras fangosas y vegetaci\u00f3n de ribera de inter\u00e9s; en L\u2019Arena tienes el Centro de Interpretaci\u00f3n \u201cPuerta del Mar\u201d para entender su valor ambiental y la cultura de la angula.&nbsp; Senda costera (etapa San Juan de Nieva \u2013 San Juan de la Arena):&nbsp;acantilados, miradores hacia Cabo Pe\u00f1as y la costa central, ideal en d\u00edas claros de invierno.&nbsp; Plan perfecto de 3 d\u00edas en febrero D\u00eda 1 \u2014 Mar y tradici\u00f3n Ma\u00f1ana en Los Quebrantos. Comida marinera en L\u2019Arena (pregunta por oricios si los hay). Tarde en el Centro de Interpretaci\u00f3n de la R\u00eda del Nal\u00f3n. Si coincide, ac\u00e9rcate a Luanco (20 min) por el Cristo del Socorro (5 de febrero).&nbsp; D\u00eda 2 \u2014 Antroxu y ciudad Avil\u00e9s (15\u201320 min): casco hist\u00f3rico + Antroxu. Si eres de calle y disfraz, Gij\u00f3n u Oviedo el fin de semana. Cena de men\u00fa de Antroxu.&nbsp; D\u00eda 3 \u2014 Costa central sin prisas Ruta por Cabo Pe\u00f1as y puertos marineros; si el d\u00eda est\u00e1 cerrado, alternativa de museos y sidrer\u00edas. Consulta la Agenda de Turismo de Asturias para teatro y m\u00fasica.&nbsp; Consejos pr\u00e1cticos para febrero Ropa:&nbsp;capas, impermeable ligero y calzado con suela para mojado. Conducci\u00f3n:&nbsp;carreteras costeras con curvas; tiempo cambiante. Reservas: para oricios y men\u00fas especiales conviene reservar. (Temporada enero\u2013marzo, sujeta a disponibilidad y cupos de captura).&nbsp; Por qu\u00e9 alojarte en San Juan de la Arena (costa central) \u00bfVienes a Asturias? Las Mimosas del Nal\u00f3n es tu casa en Asturias:&nbsp;s\u00e1banas suaves, olor a pan, ventanas a la r\u00eda y silencio de invierno. Desde aqu\u00ed, Antroxu, mar y sidra quedan a un paseo en coche. \u00bfTe vienes en febrero?&nbsp;Escr\u00edbenos y te guardamos chimenea, consejos y mesa para probar oricios.","og_url":"https:\/\/lasmimosasdelnalon.es\/en\/asturias\/asturias-in-february-plans-festivals-and-flavours\/","og_site_name":"Las Mimosas del Nal\u00f3n","article_published_time":"2026-01-15T13:37:03+00:00","article_modified_time":"2026-01-22T14:46:37+00:00","og_image":[{"width":1200,"height":800,"url":"https:\/\/lasmimosasdelnalon.es\/wp-content\/uploads\/2026\/01\/Apartamentos-Las-Mimosas-del-Nalon-\u2013-19.jpg","type":"image\/jpeg"}],"author":"admin","twitter_card":"summary_large_image","twitter_misc":{"Written by":"admin","Estimated reading time":"4 minutes"},"schema":{"@context":"https:\/\/schema.org","@graph":[{"@type":"Article","@id":"https:\/\/lasmimosasdelnalon.es\/asturias\/asturias-en-febrero-planes-fiestas-y-sabores\/#article","isPartOf":{"@id":"https:\/\/lasmimosasdelnalon.es\/asturias\/asturias-en-febrero-planes-fiestas-y-sabores\/"},"author":{"name":"admin","@id":"https:\/\/lasmimosasdelnalon.es\/#\/schema\/person\/03aa239304d9f51a7d1c9fa680861b0c"},"headline":"Asturias en febrero: planes, fiestas y sabores","datePublished":"2026-01-15T13:37:03+00:00","dateModified":"2026-01-22T14:46:37+00:00","mainEntityOfPage":{"@id":"https:\/\/lasmimosasdelnalon.es\/asturias\/asturias-en-febrero-planes-fiestas-y-sabores\/"},"wordCount":898,"commentCount":0,"publisher":{"@id":"https:\/\/lasmimosasdelnalon.es\/#organization"},"image":{"@id":"https:\/\/lasmimosasdelnalon.es\/asturias\/asturias-en-febrero-planes-fiestas-y-sabores\/#primaryimage"},"thumbnailUrl":"https:\/\/lasmimosasdelnalon.es\/wp-content\/uploads\/2026\/01\/Apartamentos-Las-Mimosas-del-Nalon-\u2013-19.jpg","articleSection":["Asturias","Planes en Asturias"],"inLanguage":"en-GB","potentialAction":[{"@type":"CommentAction","name":"Comment","target":["https:\/\/lasmimosasdelnalon.es\/asturias\/asturias-en-febrero-planes-fiestas-y-sabores\/#respond"]}]},{"@type":["WebPage","FAQPage"],"@id":"https:\/\/lasmimosasdelnalon.es\/asturias\/asturias-en-febrero-planes-fiestas-y-sabores\/","url":"https:\/\/lasmimosasdelnalon.es\/asturias\/asturias-en-febrero-planes-fiestas-y-sabores\/","name":"Asturias in February: plans, festivals and flavours - Las Mimosas del Nal\u00f3n","isPartOf":{"@id":"https:\/\/lasmimosasdelnalon.es\/#website"},"primaryImageOfPage":{"@id":"https:\/\/lasmimosasdelnalon.es\/asturias\/asturias-en-febrero-planes-fiestas-y-sabores\/#primaryimage"},"image":{"@id":"https:\/\/lasmimosasdelnalon.es\/asturias\/asturias-en-febrero-planes-fiestas-y-sabores\/#primaryimage"},"thumbnailUrl":"https:\/\/lasmimosasdelnalon.es\/wp-content\/uploads\/2026\/01\/Apartamentos-Las-Mimosas-del-Nalon-\u2013-19.jpg","datePublished":"2026-01-15T13:37:03+00:00","dateModified":"2026-01-22T14:46:37+00:00","breadcrumb":{"@id":"https:\/\/lasmimosasdelnalon.es\/asturias\/asturias-en-febrero-planes-fiestas-y-sabores\/#breadcrumb"},"mainEntity":[{"@id":"https:\/\/lasmimosasdelnalon.es\/asturias\/asturias-en-febrero-planes-fiestas-y-sabores\/#faq-question-1768484125464"},{"@id":"https:\/\/lasmimosasdelnalon.es\/asturias\/asturias-en-febrero-planes-fiestas-y-sabores\/#faq-question-1768484199512"},{"@id":"https:\/\/lasmimosasdelnalon.es\/asturias\/asturias-en-febrero-planes-fiestas-y-sabores\/#faq-question-1768484160233"}],"inLanguage":"en-GB","potentialAction":[{"@type":"ReadAction","target":["https:\/\/lasmimosasdelnalon.es\/asturias\/asturias-en-febrero-planes-fiestas-y-sabores\/"]}]},{"@type":"ImageObject","inLanguage":"en-GB","@id":"https:\/\/lasmimosasdelnalon.es\/asturias\/asturias-en-febrero-planes-fiestas-y-sabores\/#primaryimage","url":"https:\/\/lasmimosasdelnalon.es\/wp-content\/uploads\/2026\/01\/Apartamentos-Las-Mimosas-del-Nalon-\u2013-19.jpg","contentUrl":"https:\/\/lasmimosasdelnalon.es\/wp-content\/uploads\/2026\/01\/Apartamentos-Las-Mimosas-del-Nalon-\u2013-19.jpg","width":1200,"height":800},{"@type":"BreadcrumbList","@id":"https:\/\/lasmimosasdelnalon.es\/asturias\/asturias-en-febrero-planes-fiestas-y-sabores\/#breadcrumb","itemListElement":[{"@type":"ListItem","position":1,"name":"Portada","item":"https:\/\/lasmimosasdelnalon.es\/"},{"@type":"ListItem","position":2,"name":"Asturias en febrero: planes, fiestas y sabores"}]},{"@type":"WebSite","@id":"https:\/\/lasmimosasdelnalon.es\/#website","url":"https:\/\/lasmimosasdelnalon.es\/","name":"The Mimosas del Nal\u00f3n","description":"Rural accommodation in Asturias","publisher":{"@id":"https:\/\/lasmimosasdelnalon.es\/#organization"},"potentialAction":[{"@type":"SearchAction","target":{"@type":"EntryPoint","urlTemplate":"https:\/\/lasmimosasdelnalon.es\/?s={search_term_string}"},"query-input":{"@type":"PropertyValueSpecification","valueRequired":true,"valueName":"search_term_string"}}],"inLanguage":"en-GB"},{"@type":"Organization","@id":"https:\/\/lasmimosasdelnalon.es\/#organization","name":"The Mimosas del Nal\u00f3n","url":"https:\/\/lasmimosasdelnalon.es\/","logo":{"@type":"ImageObject","inLanguage":"en-GB","@id":"https:\/\/lasmimosasdelnalon.es\/#\/schema\/logo\/image\/","url":"https:\/\/lasmimosasdelnalon.es\/wp-content\/uploads\/2026\/01\/1.1.-4-tintas-sin-fondo-scaled.png","contentUrl":"https:\/\/lasmimosasdelnalon.es\/wp-content\/uploads\/2026\/01\/1.1.-4-tintas-sin-fondo-scaled.png","width":2560,"height":1879,"caption":"Las Mimosas del Nal\u00f3n"},"image":{"@id":"https:\/\/lasmimosasdelnalon.es\/#\/schema\/logo\/image\/"},"sameAs":["https:\/\/www.instagram.com\/lasmimosasdelnalon\/","https:\/\/www.youtube.com\/@lasmimosasdelnalon"]},{"@type":"Person","@id":"https:\/\/lasmimosasdelnalon.es\/#\/schema\/person\/03aa239304d9f51a7d1c9fa680861b0c","name":"admin","image":{"@type":"ImageObject","inLanguage":"en-GB","@id":"https:\/\/secure.gravatar.com\/avatar\/49f20bf2bd067ed4d18c068d369c17519c606bb2792798b42c5f72960d0d8e0b?s=96&d=mm&r=g","url":"https:\/\/secure.gravatar.com\/avatar\/49f20bf2bd067ed4d18c068d369c17519c606bb2792798b42c5f72960d0d8e0b?s=96&d=mm&r=g","contentUrl":"https:\/\/secure.gravatar.com\/avatar\/49f20bf2bd067ed4d18c068d369c17519c606bb2792798b42c5f72960d0d8e0b?s=96&d=mm&r=g","caption":"admin"},"sameAs":["https:\/\/lasmimosasdelnalon.es"],"url":"https:\/\/lasmimosasdelnalon.es\/en\/author\/admin\/"},{"@type":"Question","@id":"https:\/\/lasmimosasdelnalon.es\/asturias\/asturias-en-febrero-planes-fiestas-y-sabores\/#faq-question-1768484125464","position":1,"url":"https:\/\/lasmimosasdelnalon.es\/asturias\/asturias-en-febrero-planes-fiestas-y-sabores\/#faq-question-1768484125464","name":"What is the weather like in Asturias in February?","answerCount":1,"acceptedAnswer":{"@type":"Answer","text":"Invierno atl\u00e1ntico: fresco, h\u00famedo y cambiante; d\u00edas luminosos entre frentes. Perfecto para caminar abrigados, fotografiar olas y disfrutar de cocina de cuchara. (Consulta el parte local antes de salir).\u00a0","inLanguage":"en-GB"},"inLanguage":"en-GB"},{"@type":"Question","@id":"https:\/\/lasmimosasdelnalon.es\/asturias\/asturias-en-febrero-planes-fiestas-y-sabores\/#faq-question-1768484199512","position":2,"url":"https:\/\/lasmimosasdelnalon.es\/asturias\/asturias-en-febrero-planes-fiestas-y-sabores\/#faq-question-1768484199512","name":"When is Antroxu (Carnival) in Asturias?","answerCount":1,"acceptedAnswer":{"@type":"Answer","text":"Var\u00eda cada a\u00f1o; en 2026 el martes de Carnaval es el 17 de febrero (festivo en Gij\u00f3n e Illano, entre otros). Programas en Avil\u00e9s, Gij\u00f3n y Oviedo el fin de semana cercano.\u00a0","inLanguage":"en-GB"},"inLanguage":"en-GB"},{"@type":"Question","@id":"https:\/\/lasmimosasdelnalon.es\/asturias\/asturias-en-febrero-planes-fiestas-y-sabores\/#faq-question-1768484160233","position":3,"url":"https:\/\/lasmimosasdelnalon.es\/asturias\/asturias-en-febrero-planes-fiestas-y-sabores\/#faq-question-1768484160233","name":"Is it a good time to eat sea urchins?","answerCount":1,"acceptedAnswer":{"@type":"Answer","text":"S\u00ed, enero\u2013marzo es temporada; siempre en locales que trabajen producto legal y de temporada.\u00a0<br\/>","inLanguage":"en-GB"},"inLanguage":"en-GB"}]}},"_links":{"self":[{"href":"https:\/\/lasmimosasdelnalon.es\/en\/wp-json\/wp\/v2\/posts\/731","targetHints":{"allow":["GET"]}}],"collection":[{"href":"https:\/\/lasmimosasdelnalon.es\/en\/wp-json\/wp\/v2\/posts"}],"about":[{"href":"https:\/\/lasmimosasdelnalon.es\/en\/wp-json\/wp\/v2\/types\/post"}],"author":[{"embeddable":true,"href":"https:\/\/lasmimosasdelnalon.es\/en\/wp-json\/wp\/v2\/users\/1"}],"replies":[{"embeddable":true,"href":"https:\/\/lasmimosasdelnalon.es\/en\/wp-json\/wp\/v2\/comments?post=731"}],"version-history":[{"count":2,"href":"https:\/\/lasmimosasdelnalon.es\/en\/wp-json\/wp\/v2\/posts\/731\/revisions"}],"predecessor-version":[{"id":734,"href":"https:\/\/lasmimosasdelnalon.es\/en\/wp-json\/wp\/v2\/posts\/731\/revisions\/734"}],"wp:featuredmedia":[{"embeddable":true,"href":"https:\/\/lasmimosasdelnalon.es\/en\/wp-json\/wp\/v2\/media\/535"}],"wp:attachment":[{"href":"https:\/\/lasmimosasdelnalon.es\/en\/wp-json\/wp\/v2\/media?parent=731"}],"wp:term":[{"taxonomy":"category","embeddable":true,"href":"https:\/\/lasmimosasdelnalon.es\/en\/wp-json\/wp\/v2\/categories?post=731"},{"taxonomy":"post_tag","embeddable":true,"href":"https:\/\/lasmimosasdelnalon.es\/en\/wp-json\/wp\/v2\/tags?post=731"}],"curies":[{"name":"wp","href":"https:\/\/api.w.org\/{rel}","templated":true}]}}