{"id":3296,"date":"2026-04-24T19:30:15","date_gmt":"2026-04-24T19:30:15","guid":{"rendered":"https:\/\/lasmimosasdelnalon.es\/?p=3296"},"modified":"2026-04-24T19:30:17","modified_gmt":"2026-04-24T19:30:17","slug":"ruta-luarca-fonte-baxa-faro-san-agustin-regalina","status":"publish","type":"post","link":"https:\/\/lasmimosasdelnalon.es\/en\/planes-en-asturias\/ruta-luarca-fonte-baxa-faro-san-agustin-regalina\/","title":{"rendered":"Un d\u00eda en Asturias entre jardines, mar y atardeceres: de Las Mimosas del Nal\u00f3n a Luarca y La Regalina"},"content":{"rendered":"<p>Hay d\u00edas que empiezan con el aroma del caf\u00e9 y terminan con el sonido suave de una cena compartida. D\u00edas en los que Asturias no se visita deprisa, sino que se deja sentir poco a poco: en el verde vibrante de un jard\u00edn, en el azul profundo del Cant\u00e1brico, en una mesa junto al puerto, en una carretera que invita a improvisar.<\/p>\n\n\n\n<p>Desde Las Mimosas del Nal\u00f3n, te proponemos una nueva escapada para alimentar los sentidos: una ruta hacia el occidente asturiano con parada en el Bosque-Jard\u00edn de La Fonte Baxa, paseo y comida en Luarca, visita al Faro de San Agust\u00edn, opci\u00f3n de descubrir Puerto de Vega, regreso por el Mirador de La Regalina y cena final en Las Malvinas, en San Juan de la Arena.<\/p>\n\n\n\n<p>Un plan para disfrutar sin correr. Para dejar hueco al asombro. Para recordar que, muchas veces, lo mejor del viaje sucede cuando no estaba previsto.<\/p>\n\n\n\n<h2 class=\"wp-block-heading\">Despertar en Las Mimosas del Nal\u00f3n: el preludio de un d\u00eda inolvidable<\/h2>\n\n\n\n<p>La jornada comienza en casa. Porque eso es Las Mimosas del Nal\u00f3n: tu casa en Asturias.<\/p>\n\n\n\n<p>Antes de salir, te proponemos empezar con un buen desayuno. Sin mirar demasiado el reloj. Con el olor del caf\u00e9 reci\u00e9n hecho que inunda la estancia, el pan crujiente sobre la mesa y esa calma que solo aparece cuando sabes que el d\u00eda promete. La luz suave de la ma\u00f1ana asturiana se filtra por la ventana, invit\u00e1ndote a saborear cada instante.<\/p>\n\n\n\n<p>Desde San Juan de la Arena, nuestro alojamiento es un punto perfecto para moverse por Asturias: cerca del mar, junto al r\u00edo Nal\u00f3n, rodeado de naturaleza y con esa sensaci\u00f3n de refugio que apetece encontrar al volver.<\/p>\n\n\n\n<p>Hoy la ruta mira hacia el occidente. Hacia jardines con vistas al mar, pueblos blancos que deslumbran, faros que custodian horizontes infinitos, puertos marineros que huelen a sal y miradores donde el Cant\u00e1brico parece abrazar el cielo.<\/p>\n\n\n\n<h2 class=\"wp-block-heading\">Primera parada: Bosque-Jard\u00edn de La Fonte Baxa, un oasis para el alma<\/h2>\n\n\n\n<p>Nuestra primera recomendaci\u00f3n es uno de esos lugares que sorprenden incluso a quienes creen conocer Asturias: el Bosque-Jard\u00edn de La Fonte Baxa, en Luarca.<\/p>\n\n\n\n<p>Aqu\u00ed la naturaleza no se contempla desde fuera. Se atraviesa. Se respira hondo, sintiendo el aire puro y fresco. Se escucha el murmullo del viento entre las hojas y el canto de los p\u00e1jaros. La Fonte Baxa es un jard\u00edn lleno de senderos serpenteantes, especies vegetales ex\u00f3ticas y aut\u00f3ctonas, rincones ornamentales que invitan a la introspecci\u00f3n, bancos estrat\u00e9gicamente ubicados para la contemplaci\u00f3n y miradores que regalan vistas espectaculares al mar. Es un espacio para caminar despacio, dejar que el verde intenso de la vegetaci\u00f3n haga su efecto en el esp\u00edritu y sentir c\u00f3mo el cuerpo baja revoluciones, conectando con la tierra.<\/p>\n\n\n\n<p>Es un paseo perfecto para empezar el d\u00eda con los sentidos despiertos: el olor a tierra h\u00fameda y a la floraci\u00f3n de camelias y rododendros, el tacto suave de las hojas, el rumor constante de los \u00e1rboles, la luz filtr\u00e1ndose entre ramas creando juegos de sombras y, de fondo, la presencia inmensa y tranquilizadora del mar.<\/p>\n\n\n\n<p>Nuestro consejo: comprueba horarios antes de ir y deja tiempo suficiente para recorrerlo sin prisa. Este no es un lugar para tachar de una lista. Es un lugar para perderse un poco y dejarse envolver por su magia.<\/p>\n\n\n\n<h2 class=\"wp-block-heading\">Luarca: paseo por la Villa Blanca, donde el mar susurra historias<\/h2>\n\n\n\n<p>Despu\u00e9s del jard\u00edn, llega el momento de acercarse a Luarca, uno de los pueblos marineros m\u00e1s bonitos de Asturias.<\/p>\n\n\n\n<p>Blanca, elegante, luminosa. Luarca se abre al mar con su puerto vibrante, sus casas escalonadas que parecen desafiar la gravedad, sus calles estrechas impregnadas de sabor marinero y ese aire de villa tranquila que invita a pasear sin rumbo fijo. El blanco de sus fachadas, que le da el sobrenombre de \u00abVilla Blanca\u00bb, resplandece bajo el sol asturiano, creando un contraste hipn\u00f3tico con el azul del cielo y el verde de los acantilados.<\/p>\n\n\n\n<p>Puedes acercarte al puerto y observar el ir y venir de las barcas, sentir la brisa marina en el rostro, caminar por sus calles empedradas, detenerte en una terraza para disfrutar de la vida local o simplemente sentarte a observar el movimiento pausado del d\u00eda. Luarca es conocida como la Villa Blanca de la Costa Verde, y su relaci\u00f3n \u00edntima con el mar, su puerto lleno de vida y sus miradores estrat\u00e9gicos forman parte esencial de su encanto innegable.<\/p>\n\n\n\n<p>Aqu\u00ed conviene recordar una regla sencilla: no quieras verlo todo. Mira menos, siente m\u00e1s. Deja que el ambiente te envuelva, que los sonidos del puerto te acunen y que el aroma a mar te impregne.<\/p>\n\n\n\n<h2 class=\"wp-block-heading\">Comida en El Ancla, un fest\u00edn para el paladar frente al Cant\u00e1brico<\/h2>\n\n\n\n<p>Para comer, nuestra recomendaci\u00f3n es El Ancla de Luarca, situado en el muelle, con vistas privilegiadas al mar y una propuesta gastron\u00f3mica basada en producto fresco y cocina de tradici\u00f3n asturiana. El sonido de las gaviotas y el suave vaiv\u00e9n de las embarcaciones acompa\u00f1ar\u00e1n tu experiencia culinaria.<\/p>\n\n\n\n<p>Despu\u00e9s del paseo, sentarse cerca del puerto es casi una necesidad. El cuerpo pide sabor aut\u00e9ntico, conversaci\u00f3n fluida, calma y el inconfundible tel\u00f3n de fondo del mar. Pescados reci\u00e9n capturados, platos de temporada elaborados con esmero, una buena mesa y ese ambiente de puerto que hace que la comida se convierta en una parte inolvidable del viaje.<\/p>\n\n\n\n<p>No tengas prisa por terminar. La sobremesa, con el sabor del caf\u00e9 y la charla tranquila, tambi\u00e9n forma parte esencial de la ruta.<\/p>\n\n\n\n<h2 class=\"wp-block-heading\">Visita al Faro de San Agust\u00edn: la mirada infinita del guardi\u00e1n del mar<\/h2>\n\n\n\n<p>Despu\u00e9s de comer, continuamos hacia el Faro de San Agust\u00edn, en Ortiguera.<\/p>\n\n\n\n<p>Los faros tienen algo especial. Quiz\u00e1 porque miran siempre al horizonte, desafiando la inmensidad. Quiz\u00e1 porque parecen recordarnos que, incluso en los d\u00edas de niebla m\u00e1s densa, hay se\u00f1ales luminosas que nos gu\u00edan. El Faro de San Agust\u00edn se alza majestuoso sobre la costa occidental asturiana, un punto blanco entre el verde intenso de los prados y el azul cambiante del mar. Es una parada ideal para respirar aire salado y puro, sentir la fuerza del viento en la cara, hacer fotograf\u00edas que capturen la inmensidad y dejar que la mirada viaje sin l\u00edmites sobre el Cant\u00e1brico, sintiendo una mezcla de peque\u00f1ez y libertad que solo aparece frente al mar abierto.<\/p>\n\n\n\n<p>Aqu\u00ed el plan es sencillo: bajar del coche, caminar un poco por los acantilados, mirar lejos y dejarse llevar por la grandiosidad del paisaje.<\/p>\n\n\n\n<h2 class=\"wp-block-heading\">Dejar espacio a la improvisaci\u00f3n: Puerto de Vega, el encanto de lo inesperado<\/h2>\n\n\n\n<p>Si el d\u00eda acompa\u00f1a y os apetece seguir descubriendo, os proponemos dejar la puerta abierta a la improvisaci\u00f3n y visitar Puerto de Vega.<\/p>\n\n\n\n<p>No como obligaci\u00f3n. Como posibilidad. Puerto de Vega es uno de esos pueblos marineros donde apetece caminar sin mapa, dej\u00e1ndose llevar por la intuici\u00f3n. Su puerto pintoresco, sus calles llenas de historia, sus rincones con encanto y su ambiente tranquilo lo convierten en una parada perfecta para quienes quieren alargar la tarde sin convertir el d\u00eda en una carrera. Aqu\u00ed puedes tomar algo en una de sus terrazas, pasear por el muelle, acercarte a las barcas de pesca, dejarte llevar por la belleza de sus fachadas, los olores de la cocina marinera que emanan de sus restaurantes y esa sensaci\u00f3n tan asturiana de estar en un lugar aut\u00e9ntico, donde el tiempo parece fluir a otro ritmo.<\/p>\n\n\n\n<p>Pero recuerda: si el cuerpo pide parar, tambi\u00e9n est\u00e1 bien. El mejor viaje no siempre es el que m\u00e1s kil\u00f3metros suma, sino el que m\u00e1s sensaciones y recuerdos atesora.<\/p>\n\n\n\n<h2 class=\"wp-block-heading\">Regreso con parada en el Mirador de La Regalina: el broche de oro al atardecer<\/h2>\n\n\n\n<p>De vuelta hacia Las Mimosas del Nal\u00f3n, te recomendamos hacer una parada en el Mirador de La Regalina, en Cadavedo.<\/p>\n\n\n\n<p>Es uno de esos lugares que parecen colocados a prop\u00f3sito para despedir el d\u00eda con una belleza sobrecogedora: acantilados imponentes, prados verdes que se funden con el horizonte, h\u00f3rreos centenarios que salpican el paisaje, una peque\u00f1a ermita blanca que parece aferrarse a la tierra y el mar extendi\u00e9ndose al fondo en una paleta de colores cambiantes con el sol poniente. Aqu\u00ed Asturias se muestra en estado puro, salvaje y serena a la vez.<\/p>\n\n\n\n<p>El verde bajo los pies. El azul delante. El viento fresco en la cara que trae el aroma del mar. Y esa paz profunda que aparece cuando no necesitas decir nada, solo sentir. Es una parada perfecta para hacer fotos que queden grabadas en la memoria, respirar hondo y cerrar la ruta con una imagen inolvidable antes de volver a casa.<\/p>\n\n\n\n<h2 class=\"wp-block-heading\">Volver a Las Mimosas del Nal\u00f3n: el dulce final de un d\u00eda perfecto<\/h2>\n\n\n\n<p>Despu\u00e9s de un d\u00eda de jardines exuberantes, puertos con encanto, faros que gu\u00edan y miradores que quitan el aliento, volver a Las Mimosas del Nal\u00f3n se siente como regresar a un refugio c\u00e1lido y familiar.<\/p>\n\n\n\n<p>Llegas con la mirada llena de mar y de paisajes, con el cuerpo cansado de una forma bonita y con esa sensaci\u00f3n de haber vivido Asturias sin necesidad de correr, de haberla saboreado en cada detalle. Porque nuestro alojamiento no es solo un lugar donde dormir. Es el punto de partida para vivir Asturias con intensidad y el lugar al que apetece volver cuando cae la tarde, para descansar y revivir las experiencias del d\u00eda.<\/p>\n\n\n\n<p>En Las Mimosas del Nal\u00f3n, cada apartamento tiene su propia alma, su propio ritmo y su manera de acompa\u00f1ar el viaje, ofreciendo un espacio de confort y tranquilidad.<\/p>\n\n\n\n<h3 class=\"wp-block-heading\">Apartamento Las Hortensias: un rinc\u00f3n para dos, donde el romanticismo florece<\/h3>\n\n\n\n<p>Para parejas que buscan intimidad, calma y una escapada especial, recomendamos el Apartamento Las Hortensias. Es un apartamento para 2 personas, de 60 m\u00b2, pensado como un refugio rom\u00e1ntico, con tonos suaves que invitan a la relajaci\u00f3n, amplitud y vistas serenas al jard\u00edn. Un lugar donde el lujo se mide en el silencio que envuelve, la luz natural que lo inunda y el descanso profundo que promete. Perfecto para quienes quieren desayunar despacio, recorrer Asturias durante el d\u00eda y volver a un espacio \u00edntimo, acogedor y tranquilo, donde la conexi\u00f3n se fortalece.<\/p>\n\n\n\n<h3 class=\"wp-block-heading\">Apartamento L\u2019Arena: ideal para familias, un espacio de luz y mar<\/h3>\n\n\n\n<p>Para familias o peque\u00f1os grupos, L\u2019Arena es una opci\u00f3n luminosa y c\u00f3moda. Este d\u00faplex de 65 m\u00b2, conectado por una escalera de caracol que a\u00f1ade un toque de encanto, est\u00e1 inspirado en la costa y la calma del mar. Es un alojamiento ideal para familias, con capacidad hasta 5 personas. Para 4 personas resulta perfecto: espacio para compartir risas y momentos, descansar pl\u00e1cidamente y organizar escapadas por Asturias con la libertad de sentirse como en casa, con todas las comodidades a mano.<\/p>\n\n\n\n<h3 class=\"wp-block-heading\">Apartamento Los Quebrantos: espacio para compartir, recuerdos para atesorar<\/h3>\n\n\n\n<p>Para familias grandes o grupos de amigos, recomendamos Los Quebrantos. Inspirado en la playa m\u00e1s emblem\u00e1tica del Nal\u00f3n, este apartamento amplio, luminoso y con un estilo marinero que evoca la cercan\u00eda del mar, est\u00e1 pensado para compartir d\u00edas de descanso y aventura cerca del Cant\u00e1brico. Con 70 m\u00b2 y capacidad de 6 a 8 personas, es una opci\u00f3n ideal para 6 personas: c\u00f3moda, espaciosa y perfecta para quienes quieren vivir Asturias juntos, creando recuerdos inolvidables, pero con espacio suficiente para descansar bien al final de un d\u00eda lleno de emociones.<\/p>\n\n\n\n<h2 class=\"wp-block-heading\">Cierre perfecto: cena en Las Malvinas, el sabor de la tradici\u00f3n<\/h2>\n\n\n\n<p>Para terminar la jornada, nuestra recomendaci\u00f3n es cenar en Restaurante Las Malvinas, en San Juan de la Arena. Despu\u00e9s de volver de Luarca, no hace falta complicarse. Cerca de Las Mimosas del Nal\u00f3n, Las Malvinas permite cerrar el d\u00eda con una cena tranquila, buen ambiente y el aut\u00e9ntico sabor asturiano. Las rese\u00f1as destacan su cocina de calidad, pescados frescos, platos de temporada y un trato amable que te hace sentir como en casa. Es el final perfecto: mesa compartida, conversaci\u00f3n suave que fluye sin prisas, el sabor a mar en cada bocado y la tranquilidad de saber que el descanso reparador est\u00e1 muy cerca.<\/p>\n\n\n\n<h2 class=\"wp-block-heading\">Una ruta para alimentar los sentidos: Asturias en cada detalle<\/h2>\n\n\n\n<p><strong>Este plan no est\u00e1 pensado para correr. Est\u00e1 pensado para saborear. Para vivir Asturias con cada uno de tus sentidos:<\/strong><\/p>\n\n\n\n<p>\u2022Desayunar con calma: el aroma del caf\u00e9, el sabor del pan reci\u00e9n hecho.<\/p>\n\n\n\n<p>\u2022Caminar entre \u00e1rboles: el olor a tierra h\u00fameda, el tacto de las hojas, el rumor del viento.<\/p>\n\n\n\n<p>\u2022Pasear por Luarca: el blanco deslumbrante de sus casas, el aroma a salitre y redes, el murmullo del puerto.<\/p>\n\n\n\n<p>\u2022Comer frente al puerto: el sabor del mar en cada plato, el sonido de las gaviotas.<\/p>\n\n\n\n<p>\u2022Mirar el horizonte desde un faro: la inmensidad del Cant\u00e1brico, la brisa salada en la cara.<\/p>\n\n\n\n<p>\u2022Improvisar en Puerto de Vega: los olores de la cocina marinera, la tranquilidad de sus calles.<\/p>\n\n\n\n<p>\u2022Parar en La Regalina: el verde de los prados, el azul del mar, el viento en la cara, la paz del silencio.<\/p>\n\n\n\n<p>\u2022Cenar en Las Malvinas: el sabor de la tradici\u00f3n, la calidez de la conversaci\u00f3n.<\/p>\n\n\n\n<p>\u2022Y volver a dormir a Las Mimosas del Nal\u00f3n: el confort, la calma, la sensaci\u00f3n de hogar.<\/p>\n\n\n\n<p>Porque Asturias no se entiende solo con los ojos. Asturias se huele, se escucha, se toca, se saborea y se recuerda en cada fibra del ser.<\/p>\n\n\n\n<p><strong>The Mimosas del Nal\u00f3n<\/strong> Tu casa en Asturias.<\/p>\n\n\n\n<p>Alimenta tus sentidos.<\/p>\n\n\n\n<p><strong>Reservas y WhatsApp: 657 952 969<\/strong><\/p>\n\n\n\n<p>San Juan de la Arena, Soto del Barco, Asturias<\/p>\n\n\n\n<p><\/p>","protected":false},"excerpt":{"rendered":"<p>Hay d\u00edas que empiezan con el aroma del caf\u00e9 y terminan con el sonido suave de una cena compartida. D\u00edas en los que Asturias no se visita deprisa, sino que se deja sentir poco a poco: en el verde vibrante de un jard\u00edn, en el azul profundo del Cant\u00e1brico, en una mesa junto al puerto, en una carretera que invita a improvisar. Desde Las Mimosas del Nal\u00f3n, te proponemos una nueva escapada para alimentar los sentidos: una ruta hacia el occidente asturiano con parada en el Bosque-Jard\u00edn de La Fonte Baxa, paseo y comida en Luarca, visita al Faro de San Agust\u00edn, opci\u00f3n de descubrir Puerto de Vega, regreso por el Mirador de La Regalina y cena final en Las Malvinas, en San Juan de la Arena. Un plan para disfrutar sin correr. Para dejar hueco al asombro. Para recordar que, muchas veces, lo mejor del viaje sucede cuando no estaba previsto. Despertar en Las Mimosas del Nal\u00f3n: el preludio de un d\u00eda inolvidable La jornada comienza en casa. Porque eso es Las Mimosas del Nal\u00f3n: tu casa en Asturias. Antes de salir, te proponemos empezar con un buen desayuno. Sin mirar demasiado el reloj. Con el olor del caf\u00e9 reci\u00e9n hecho que inunda la estancia, el pan crujiente sobre la mesa y esa calma que solo aparece cuando sabes que el d\u00eda promete. La luz suave de la ma\u00f1ana asturiana se filtra por la ventana, invit\u00e1ndote a saborear cada instante. Desde San Juan de la Arena, nuestro alojamiento es un punto perfecto para moverse por Asturias: cerca del mar, junto al r\u00edo Nal\u00f3n, rodeado de naturaleza y con esa sensaci\u00f3n de refugio que apetece encontrar al volver. Hoy la ruta mira hacia el occidente. Hacia jardines con vistas al mar, pueblos blancos que deslumbran, faros que custodian horizontes infinitos, puertos marineros que huelen a sal y miradores donde el Cant\u00e1brico parece abrazar el cielo. Primera parada: Bosque-Jard\u00edn de La Fonte Baxa, un oasis para el alma Nuestra primera recomendaci\u00f3n es uno de esos lugares que sorprenden incluso a quienes creen conocer Asturias: el Bosque-Jard\u00edn de La Fonte Baxa, en Luarca. Aqu\u00ed la naturaleza no se contempla desde fuera. Se atraviesa. Se respira hondo, sintiendo el aire puro y fresco. Se escucha el murmullo del viento entre las hojas y el canto de los p\u00e1jaros. La Fonte Baxa es un jard\u00edn lleno de senderos serpenteantes, especies vegetales ex\u00f3ticas y aut\u00f3ctonas, rincones ornamentales que invitan a la introspecci\u00f3n, bancos estrat\u00e9gicamente ubicados para la contemplaci\u00f3n y miradores que regalan vistas espectaculares al mar. Es un espacio para caminar despacio, dejar que el verde intenso de la vegetaci\u00f3n haga su efecto en el esp\u00edritu y sentir c\u00f3mo el cuerpo baja revoluciones, conectando con la tierra. Es un paseo perfecto para empezar el d\u00eda con los sentidos despiertos: el olor a tierra h\u00fameda y a la floraci\u00f3n de camelias y rododendros, el tacto suave de las hojas, el rumor constante de los \u00e1rboles, la luz filtr\u00e1ndose entre ramas creando juegos de sombras y, de fondo, la presencia inmensa y tranquilizadora del mar. Nuestro consejo: comprueba horarios antes de ir y deja tiempo suficiente para recorrerlo sin prisa. Este no es un lugar para tachar de una lista. Es un lugar para perderse un poco y dejarse envolver por su magia. Luarca: paseo por la Villa Blanca, donde el mar susurra historias Despu\u00e9s del jard\u00edn, llega el momento de acercarse a Luarca, uno de los pueblos marineros m\u00e1s bonitos de Asturias. Blanca, elegante, luminosa. Luarca se abre al mar con su puerto vibrante, sus casas escalonadas que parecen desafiar la gravedad, sus calles estrechas impregnadas de sabor marinero y ese aire de villa tranquila que invita a pasear sin rumbo fijo. El blanco de sus fachadas, que le da el sobrenombre de \u00abVilla Blanca\u00bb, resplandece bajo el sol asturiano, creando un contraste hipn\u00f3tico con el azul del cielo y el verde de los acantilados. Puedes acercarte al puerto y observar el ir y venir de las barcas, sentir la brisa marina en el rostro, caminar por sus calles empedradas, detenerte en una terraza para disfrutar de la vida local o simplemente sentarte a observar el movimiento pausado del d\u00eda. Luarca es conocida como la Villa Blanca de la Costa Verde, y su relaci\u00f3n \u00edntima con el mar, su puerto lleno de vida y sus miradores estrat\u00e9gicos forman parte esencial de su encanto innegable. Aqu\u00ed conviene recordar una regla sencilla: no quieras verlo todo. Mira menos, siente m\u00e1s. Deja que el ambiente te envuelva, que los sonidos del puerto te acunen y que el aroma a mar te impregne. Comida en El Ancla, un fest\u00edn para el paladar frente al Cant\u00e1brico Para comer, nuestra recomendaci\u00f3n es El Ancla de Luarca, situado en el muelle, con vistas privilegiadas al mar y una propuesta gastron\u00f3mica basada en producto fresco y cocina de tradici\u00f3n asturiana. El sonido de las gaviotas y el suave vaiv\u00e9n de las embarcaciones acompa\u00f1ar\u00e1n tu experiencia culinaria. Despu\u00e9s del paseo, sentarse cerca del puerto es casi una necesidad. El cuerpo pide sabor aut\u00e9ntico, conversaci\u00f3n fluida, calma y el inconfundible tel\u00f3n de fondo del mar. Pescados reci\u00e9n capturados, platos de temporada elaborados con esmero, una buena mesa y ese ambiente de puerto que hace que la comida se convierta en una parte inolvidable del viaje. No tengas prisa por terminar. La sobremesa, con el sabor del caf\u00e9 y la charla tranquila, tambi\u00e9n forma parte esencial de la ruta. Visita al Faro de San Agust\u00edn: la mirada infinita del guardi\u00e1n del mar Despu\u00e9s de comer, continuamos hacia el Faro de San Agust\u00edn, en Ortiguera. Los faros tienen algo especial. Quiz\u00e1 porque miran siempre al horizonte, desafiando la inmensidad. Quiz\u00e1 porque parecen recordarnos que, incluso en los d\u00edas de niebla m\u00e1s densa, hay se\u00f1ales luminosas que nos gu\u00edan. El Faro de San Agust\u00edn se alza majestuoso sobre la costa occidental asturiana, un punto blanco entre el verde intenso de los prados y el azul cambiante del mar. Es una parada ideal para respirar aire salado y puro,<\/p>","protected":false},"author":2,"featured_media":3297,"comment_status":"open","ping_status":"open","sticky":false,"template":"","format":"standard","meta":{"footnotes":""},"categories":[1,20,19,17],"tags":[],"class_list":["post-3296","post","type-post","status-publish","format-standard","has-post-thumbnail","hentry","category-asturias","category-experiencias","category-gastronomia","category-planes-en-asturias"],"yoast_head":"<!-- This site is optimized with the Yoast SEO plugin v27.2 - https:\/\/yoast.com\/product\/yoast-seo-wordpress\/ -->\n<title>Un d\u00eda en Asturias entre jardines, mar y atardeceres: de Las Mimosas del Nal\u00f3n a Luarca y La Regalina &#8212; Las Mimosas del Nal\u00f3n Ruta de 1 d\u00eda por Luarca desde Las Mimosas del Nal\u00f3n: Fonte Baxa, Faro de San Agust\u00edn y La Regalina<\/title>\n<meta name=\"description\" content=\"Descubre una ruta de 1 d\u00eda por el occidente asturiano desde Las Mimosas del Nal\u00f3n: desayuno, Bosque-Jard\u00edn de La Fonte Baxa, Luarca, Faro de San Agust\u00edn, Puerto de Vega, Mirador de La Regalina y cena en Las Malvinas.\" \/>\n<meta name=\"robots\" content=\"index, follow, max-snippet:-1, max-image-preview:large, max-video-preview:-1\" \/>\n<link rel=\"canonical\" href=\"https:\/\/lasmimosasdelnalon.es\/en\/plans-in-asturias\/ruta-luarca-fonte-baxa-faro-san-agustin-regalina\/\" \/>\n<meta property=\"og:locale\" content=\"en_GB\" \/>\n<meta property=\"og:type\" content=\"article\" \/>\n<meta property=\"og:title\" content=\"Un d\u00eda en Asturias entre jardines, mar y atardeceres: de Las Mimosas del Nal\u00f3n a Luarca y La Regalina &#8212; Las Mimosas del Nal\u00f3n Ruta de 1 d\u00eda por Luarca desde Las Mimosas del Nal\u00f3n: Fonte Baxa, Faro de San Agust\u00edn y La Regalina\" \/>\n<meta property=\"og:description\" content=\"Descubre una ruta de 1 d\u00eda por el occidente asturiano desde Las Mimosas del Nal\u00f3n: desayuno, Bosque-Jard\u00edn de La Fonte Baxa, Luarca, Faro de San Agust\u00edn, Puerto de Vega, Mirador de La Regalina y cena en Las Malvinas.\" \/>\n<meta property=\"og:url\" content=\"https:\/\/lasmimosasdelnalon.es\/en\/plans-in-asturias\/ruta-luarca-fonte-baxa-faro-san-agustin-regalina\/\" \/>\n<meta property=\"og:site_name\" content=\"Las Mimosas del Nal\u00f3n\" \/>\n<meta property=\"article:published_time\" content=\"2026-04-24T19:30:15+00:00\" \/>\n<meta property=\"article:modified_time\" content=\"2026-04-24T19:30:17+00:00\" \/>\n<meta property=\"og:image\" content=\"https:\/\/lasmimosasdelnalon.es\/wp-content\/uploads\/2026\/04\/la-regalina.jpg\" \/>\n\t<meta property=\"og:image:width\" content=\"2048\" \/>\n\t<meta property=\"og:image:height\" content=\"1536\" \/>\n\t<meta property=\"og:image:type\" content=\"image\/jpeg\" \/>\n<meta name=\"author\" content=\"Carlos\" \/>\n<meta name=\"twitter:card\" content=\"summary_large_image\" \/>\n<meta name=\"twitter:label1\" content=\"Written by\" \/>\n\t<meta name=\"twitter:data1\" content=\"Carlos\" \/>\n\t<meta name=\"twitter:label2\" content=\"Estimated reading time\" \/>\n\t<meta name=\"twitter:data2\" content=\"11 minutes\" \/>\n<script type=\"application\/ld+json\" class=\"yoast-schema-graph\">{\"@context\":\"https:\/\/schema.org\",\"@graph\":[{\"@type\":\"Article\",\"@id\":\"https:\/\/lasmimosasdelnalon.es\/planes-en-asturias\/ruta-luarca-fonte-baxa-faro-san-agustin-regalina\/#article\",\"isPartOf\":{\"@id\":\"https:\/\/lasmimosasdelnalon.es\/planes-en-asturias\/ruta-luarca-fonte-baxa-faro-san-agustin-regalina\/\"},\"author\":{\"name\":\"Carlos\",\"@id\":\"https:\/\/lasmimosasdelnalon.es\/#\/schema\/person\/9ee58888b86e82d61691d8e243f8a8ce\"},\"headline\":\"Un d\u00eda en Asturias entre jardines, mar y atardeceres: de Las Mimosas del Nal\u00f3n a Luarca y La Regalina\",\"datePublished\":\"2026-04-24T19:30:15+00:00\",\"dateModified\":\"2026-04-24T19:30:17+00:00\",\"mainEntityOfPage\":{\"@id\":\"https:\/\/lasmimosasdelnalon.es\/planes-en-asturias\/ruta-luarca-fonte-baxa-faro-san-agustin-regalina\/\"},\"wordCount\":2355,\"commentCount\":0,\"publisher\":{\"@id\":\"https:\/\/lasmimosasdelnalon.es\/#organization\"},\"image\":{\"@id\":\"https:\/\/lasmimosasdelnalon.es\/planes-en-asturias\/ruta-luarca-fonte-baxa-faro-san-agustin-regalina\/#primaryimage\"},\"thumbnailUrl\":\"https:\/\/lasmimosasdelnalon.es\/wp-content\/uploads\/2026\/04\/la-regalina.jpg\",\"articleSection\":[\"Asturias\",\"Experiencias\",\"Gastronom\u00eda\",\"Planes en Asturias\"],\"inLanguage\":\"en-GB\",\"potentialAction\":[{\"@type\":\"CommentAction\",\"name\":\"Comment\",\"target\":[\"https:\/\/lasmimosasdelnalon.es\/planes-en-asturias\/ruta-luarca-fonte-baxa-faro-san-agustin-regalina\/#respond\"]}]},{\"@type\":\"WebPage\",\"@id\":\"https:\/\/lasmimosasdelnalon.es\/planes-en-asturias\/ruta-luarca-fonte-baxa-faro-san-agustin-regalina\/\",\"url\":\"https:\/\/lasmimosasdelnalon.es\/planes-en-asturias\/ruta-luarca-fonte-baxa-faro-san-agustin-regalina\/\",\"name\":\"Un d\u00eda en Asturias entre jardines, mar y atardeceres: de Las Mimosas del Nal\u00f3n a Luarca y La Regalina &#8212; Las Mimosas del Nal\u00f3n Ruta de 1 d\u00eda por Luarca desde Las Mimosas del Nal\u00f3n: Fonte Baxa, Faro de San Agust\u00edn y La Regalina\",\"isPartOf\":{\"@id\":\"https:\/\/lasmimosasdelnalon.es\/#website\"},\"primaryImageOfPage\":{\"@id\":\"https:\/\/lasmimosasdelnalon.es\/planes-en-asturias\/ruta-luarca-fonte-baxa-faro-san-agustin-regalina\/#primaryimage\"},\"image\":{\"@id\":\"https:\/\/lasmimosasdelnalon.es\/planes-en-asturias\/ruta-luarca-fonte-baxa-faro-san-agustin-regalina\/#primaryimage\"},\"thumbnailUrl\":\"https:\/\/lasmimosasdelnalon.es\/wp-content\/uploads\/2026\/04\/la-regalina.jpg\",\"datePublished\":\"2026-04-24T19:30:15+00:00\",\"dateModified\":\"2026-04-24T19:30:17+00:00\",\"description\":\"Descubre una ruta de 1 d\u00eda por el occidente asturiano desde Las Mimosas del Nal\u00f3n: desayuno, Bosque-Jard\u00edn de La Fonte Baxa, Luarca, Faro de San Agust\u00edn, Puerto de Vega, Mirador de La Regalina y cena en Las Malvinas.\",\"breadcrumb\":{\"@id\":\"https:\/\/lasmimosasdelnalon.es\/planes-en-asturias\/ruta-luarca-fonte-baxa-faro-san-agustin-regalina\/#breadcrumb\"},\"inLanguage\":\"en-GB\",\"potentialAction\":[{\"@type\":\"ReadAction\",\"target\":[\"https:\/\/lasmimosasdelnalon.es\/planes-en-asturias\/ruta-luarca-fonte-baxa-faro-san-agustin-regalina\/\"]}]},{\"@type\":\"ImageObject\",\"inLanguage\":\"en-GB\",\"@id\":\"https:\/\/lasmimosasdelnalon.es\/planes-en-asturias\/ruta-luarca-fonte-baxa-faro-san-agustin-regalina\/#primaryimage\",\"url\":\"https:\/\/lasmimosasdelnalon.es\/wp-content\/uploads\/2026\/04\/la-regalina.jpg\",\"contentUrl\":\"https:\/\/lasmimosasdelnalon.es\/wp-content\/uploads\/2026\/04\/la-regalina.jpg\",\"width\":2048,\"height\":1536},{\"@type\":\"BreadcrumbList\",\"@id\":\"https:\/\/lasmimosasdelnalon.es\/planes-en-asturias\/ruta-luarca-fonte-baxa-faro-san-agustin-regalina\/#breadcrumb\",\"itemListElement\":[{\"@type\":\"ListItem\",\"position\":1,\"name\":\"Portada\",\"item\":\"https:\/\/lasmimosasdelnalon.es\/\"},{\"@type\":\"ListItem\",\"position\":2,\"name\":\"Un d\u00eda en Asturias entre jardines, mar y atardeceres: de Las Mimosas del Nal\u00f3n a Luarca y La Regalina\"}]},{\"@type\":\"WebSite\",\"@id\":\"https:\/\/lasmimosasdelnalon.es\/#website\",\"url\":\"https:\/\/lasmimosasdelnalon.es\/\",\"name\":\"Las Mimosas del Nal\u00f3n\",\"description\":\"Alojamiento rural en Asturias\",\"publisher\":{\"@id\":\"https:\/\/lasmimosasdelnalon.es\/#organization\"},\"potentialAction\":[{\"@type\":\"SearchAction\",\"target\":{\"@type\":\"EntryPoint\",\"urlTemplate\":\"https:\/\/lasmimosasdelnalon.es\/?s={search_term_string}\"},\"query-input\":{\"@type\":\"PropertyValueSpecification\",\"valueRequired\":true,\"valueName\":\"search_term_string\"}}],\"inLanguage\":\"en-GB\"},{\"@type\":\"Organization\",\"@id\":\"https:\/\/lasmimosasdelnalon.es\/#organization\",\"name\":\"Las Mimosas del Nal\u00f3n\",\"url\":\"https:\/\/lasmimosasdelnalon.es\/\",\"logo\":{\"@type\":\"ImageObject\",\"inLanguage\":\"en-GB\",\"@id\":\"https:\/\/lasmimosasdelnalon.es\/#\/schema\/logo\/image\/\",\"url\":\"https:\/\/lasmimosasdelnalon.es\/wp-content\/uploads\/2026\/01\/1.1.-4-tintas-sin-fondo-scaled.png\",\"contentUrl\":\"https:\/\/lasmimosasdelnalon.es\/wp-content\/uploads\/2026\/01\/1.1.-4-tintas-sin-fondo-scaled.png\",\"width\":2560,\"height\":1879,\"caption\":\"Las Mimosas del Nal\u00f3n\"},\"image\":{\"@id\":\"https:\/\/lasmimosasdelnalon.es\/#\/schema\/logo\/image\/\"},\"sameAs\":[\"https:\/\/www.instagram.com\/lasmimosasdelnalon\/\",\"https:\/\/www.youtube.com\/@lasmimosasdelnalon\"]},{\"@type\":\"Person\",\"@id\":\"https:\/\/lasmimosasdelnalon.es\/#\/schema\/person\/9ee58888b86e82d61691d8e243f8a8ce\",\"name\":\"Carlos\",\"image\":{\"@type\":\"ImageObject\",\"inLanguage\":\"en-GB\",\"@id\":\"https:\/\/secure.gravatar.com\/avatar\/1802abeaf4bf26e666d97038308fc2dbea2816809dcff6ea3184aba0b90a51f0?s=96&d=mm&r=g\",\"url\":\"https:\/\/secure.gravatar.com\/avatar\/1802abeaf4bf26e666d97038308fc2dbea2816809dcff6ea3184aba0b90a51f0?s=96&d=mm&r=g\",\"contentUrl\":\"https:\/\/secure.gravatar.com\/avatar\/1802abeaf4bf26e666d97038308fc2dbea2816809dcff6ea3184aba0b90a51f0?s=96&d=mm&r=g\",\"caption\":\"Carlos\"},\"sameAs\":[\"http:\/\/lasmimosasdelnalon.es\"],\"url\":\"https:\/\/lasmimosasdelnalon.es\/en\/author\/carlos\/\"}]}<\/script>\n<!-- \/ Yoast SEO plugin. -->","yoast_head_json":{"title":"Un d\u00eda en Asturias entre jardines, mar y atardeceres: de Las Mimosas del Nal\u00f3n a Luarca y La Regalina &#8212; Las Mimosas del Nal\u00f3n Ruta de 1 d\u00eda por Luarca desde Las Mimosas del Nal\u00f3n: Fonte Baxa, Faro de San Agust\u00edn y La Regalina","description":"Descubre una ruta de 1 d\u00eda por el occidente asturiano desde Las Mimosas del Nal\u00f3n: desayuno, Bosque-Jard\u00edn de La Fonte Baxa, Luarca, Faro de San Agust\u00edn, Puerto de Vega, Mirador de La Regalina y cena en Las Malvinas.","robots":{"index":"index","follow":"follow","max-snippet":"max-snippet:-1","max-image-preview":"max-image-preview:large","max-video-preview":"max-video-preview:-1"},"canonical":"https:\/\/lasmimosasdelnalon.es\/en\/plans-in-asturias\/ruta-luarca-fonte-baxa-faro-san-agustin-regalina\/","og_locale":"en_GB","og_type":"article","og_title":"Un d\u00eda en Asturias entre jardines, mar y atardeceres: de Las Mimosas del Nal\u00f3n a Luarca y La Regalina &#8212; Las Mimosas del Nal\u00f3n Ruta de 1 d\u00eda por Luarca desde Las Mimosas del Nal\u00f3n: Fonte Baxa, Faro de San Agust\u00edn y La Regalina","og_description":"Descubre una ruta de 1 d\u00eda por el occidente asturiano desde Las Mimosas del Nal\u00f3n: desayuno, Bosque-Jard\u00edn de La Fonte Baxa, Luarca, Faro de San Agust\u00edn, Puerto de Vega, Mirador de La Regalina y cena en Las Malvinas.","og_url":"https:\/\/lasmimosasdelnalon.es\/en\/plans-in-asturias\/ruta-luarca-fonte-baxa-faro-san-agustin-regalina\/","og_site_name":"Las Mimosas del Nal\u00f3n","article_published_time":"2026-04-24T19:30:15+00:00","article_modified_time":"2026-04-24T19:30:17+00:00","og_image":[{"width":2048,"height":1536,"url":"https:\/\/lasmimosasdelnalon.es\/wp-content\/uploads\/2026\/04\/la-regalina.jpg","type":"image\/jpeg"}],"author":"Carlos","twitter_card":"summary_large_image","twitter_misc":{"Written by":"Carlos","Estimated reading time":"11 minutes"},"schema":{"@context":"https:\/\/schema.org","@graph":[{"@type":"Article","@id":"https:\/\/lasmimosasdelnalon.es\/planes-en-asturias\/ruta-luarca-fonte-baxa-faro-san-agustin-regalina\/#article","isPartOf":{"@id":"https:\/\/lasmimosasdelnalon.es\/planes-en-asturias\/ruta-luarca-fonte-baxa-faro-san-agustin-regalina\/"},"author":{"name":"Carlos","@id":"https:\/\/lasmimosasdelnalon.es\/#\/schema\/person\/9ee58888b86e82d61691d8e243f8a8ce"},"headline":"Un d\u00eda en Asturias entre jardines, mar y atardeceres: de Las Mimosas del Nal\u00f3n a Luarca y La Regalina","datePublished":"2026-04-24T19:30:15+00:00","dateModified":"2026-04-24T19:30:17+00:00","mainEntityOfPage":{"@id":"https:\/\/lasmimosasdelnalon.es\/planes-en-asturias\/ruta-luarca-fonte-baxa-faro-san-agustin-regalina\/"},"wordCount":2355,"commentCount":0,"publisher":{"@id":"https:\/\/lasmimosasdelnalon.es\/#organization"},"image":{"@id":"https:\/\/lasmimosasdelnalon.es\/planes-en-asturias\/ruta-luarca-fonte-baxa-faro-san-agustin-regalina\/#primaryimage"},"thumbnailUrl":"https:\/\/lasmimosasdelnalon.es\/wp-content\/uploads\/2026\/04\/la-regalina.jpg","articleSection":["Asturias","Experiencias","Gastronom\u00eda","Planes en Asturias"],"inLanguage":"en-GB","potentialAction":[{"@type":"CommentAction","name":"Comment","target":["https:\/\/lasmimosasdelnalon.es\/planes-en-asturias\/ruta-luarca-fonte-baxa-faro-san-agustin-regalina\/#respond"]}]},{"@type":"WebPage","@id":"https:\/\/lasmimosasdelnalon.es\/planes-en-asturias\/ruta-luarca-fonte-baxa-faro-san-agustin-regalina\/","url":"https:\/\/lasmimosasdelnalon.es\/planes-en-asturias\/ruta-luarca-fonte-baxa-faro-san-agustin-regalina\/","name":"Un d\u00eda en Asturias entre jardines, mar y atardeceres: de Las Mimosas del Nal\u00f3n a Luarca y La Regalina &#8212; Las Mimosas del Nal\u00f3n Ruta de 1 d\u00eda por Luarca desde Las Mimosas del Nal\u00f3n: Fonte Baxa, Faro de San Agust\u00edn y La Regalina","isPartOf":{"@id":"https:\/\/lasmimosasdelnalon.es\/#website"},"primaryImageOfPage":{"@id":"https:\/\/lasmimosasdelnalon.es\/planes-en-asturias\/ruta-luarca-fonte-baxa-faro-san-agustin-regalina\/#primaryimage"},"image":{"@id":"https:\/\/lasmimosasdelnalon.es\/planes-en-asturias\/ruta-luarca-fonte-baxa-faro-san-agustin-regalina\/#primaryimage"},"thumbnailUrl":"https:\/\/lasmimosasdelnalon.es\/wp-content\/uploads\/2026\/04\/la-regalina.jpg","datePublished":"2026-04-24T19:30:15+00:00","dateModified":"2026-04-24T19:30:17+00:00","description":"Descubre una ruta de 1 d\u00eda por el occidente asturiano desde Las Mimosas del Nal\u00f3n: desayuno, Bosque-Jard\u00edn de La Fonte Baxa, Luarca, Faro de San Agust\u00edn, Puerto de Vega, Mirador de La Regalina y cena en Las Malvinas.","breadcrumb":{"@id":"https:\/\/lasmimosasdelnalon.es\/planes-en-asturias\/ruta-luarca-fonte-baxa-faro-san-agustin-regalina\/#breadcrumb"},"inLanguage":"en-GB","potentialAction":[{"@type":"ReadAction","target":["https:\/\/lasmimosasdelnalon.es\/planes-en-asturias\/ruta-luarca-fonte-baxa-faro-san-agustin-regalina\/"]}]},{"@type":"ImageObject","inLanguage":"en-GB","@id":"https:\/\/lasmimosasdelnalon.es\/planes-en-asturias\/ruta-luarca-fonte-baxa-faro-san-agustin-regalina\/#primaryimage","url":"https:\/\/lasmimosasdelnalon.es\/wp-content\/uploads\/2026\/04\/la-regalina.jpg","contentUrl":"https:\/\/lasmimosasdelnalon.es\/wp-content\/uploads\/2026\/04\/la-regalina.jpg","width":2048,"height":1536},{"@type":"BreadcrumbList","@id":"https:\/\/lasmimosasdelnalon.es\/planes-en-asturias\/ruta-luarca-fonte-baxa-faro-san-agustin-regalina\/#breadcrumb","itemListElement":[{"@type":"ListItem","position":1,"name":"Portada","item":"https:\/\/lasmimosasdelnalon.es\/"},{"@type":"ListItem","position":2,"name":"Un d\u00eda en Asturias entre jardines, mar y atardeceres: de Las Mimosas del Nal\u00f3n a Luarca y La Regalina"}]},{"@type":"WebSite","@id":"https:\/\/lasmimosasdelnalon.es\/#website","url":"https:\/\/lasmimosasdelnalon.es\/","name":"The Mimosas del Nal\u00f3n","description":"Rural accommodation in Asturias","publisher":{"@id":"https:\/\/lasmimosasdelnalon.es\/#organization"},"potentialAction":[{"@type":"SearchAction","target":{"@type":"EntryPoint","urlTemplate":"https:\/\/lasmimosasdelnalon.es\/?s={search_term_string}"},"query-input":{"@type":"PropertyValueSpecification","valueRequired":true,"valueName":"search_term_string"}}],"inLanguage":"en-GB"},{"@type":"Organization","@id":"https:\/\/lasmimosasdelnalon.es\/#organization","name":"The Mimosas del Nal\u00f3n","url":"https:\/\/lasmimosasdelnalon.es\/","logo":{"@type":"ImageObject","inLanguage":"en-GB","@id":"https:\/\/lasmimosasdelnalon.es\/#\/schema\/logo\/image\/","url":"https:\/\/lasmimosasdelnalon.es\/wp-content\/uploads\/2026\/01\/1.1.-4-tintas-sin-fondo-scaled.png","contentUrl":"https:\/\/lasmimosasdelnalon.es\/wp-content\/uploads\/2026\/01\/1.1.-4-tintas-sin-fondo-scaled.png","width":2560,"height":1879,"caption":"Las Mimosas del Nal\u00f3n"},"image":{"@id":"https:\/\/lasmimosasdelnalon.es\/#\/schema\/logo\/image\/"},"sameAs":["https:\/\/www.instagram.com\/lasmimosasdelnalon\/","https:\/\/www.youtube.com\/@lasmimosasdelnalon"]},{"@type":"Person","@id":"https:\/\/lasmimosasdelnalon.es\/#\/schema\/person\/9ee58888b86e82d61691d8e243f8a8ce","name":"Carlos","image":{"@type":"ImageObject","inLanguage":"en-GB","@id":"https:\/\/secure.gravatar.com\/avatar\/1802abeaf4bf26e666d97038308fc2dbea2816809dcff6ea3184aba0b90a51f0?s=96&d=mm&r=g","url":"https:\/\/secure.gravatar.com\/avatar\/1802abeaf4bf26e666d97038308fc2dbea2816809dcff6ea3184aba0b90a51f0?s=96&d=mm&r=g","contentUrl":"https:\/\/secure.gravatar.com\/avatar\/1802abeaf4bf26e666d97038308fc2dbea2816809dcff6ea3184aba0b90a51f0?s=96&d=mm&r=g","caption":"Carlos"},"sameAs":["http:\/\/lasmimosasdelnalon.es"],"url":"https:\/\/lasmimosasdelnalon.es\/en\/author\/carlos\/"}]}},"_links":{"self":[{"href":"https:\/\/lasmimosasdelnalon.es\/en\/wp-json\/wp\/v2\/posts\/3296","targetHints":{"allow":["GET"]}}],"collection":[{"href":"https:\/\/lasmimosasdelnalon.es\/en\/wp-json\/wp\/v2\/posts"}],"about":[{"href":"https:\/\/lasmimosasdelnalon.es\/en\/wp-json\/wp\/v2\/types\/post"}],"author":[{"embeddable":true,"href":"https:\/\/lasmimosasdelnalon.es\/en\/wp-json\/wp\/v2\/users\/2"}],"replies":[{"embeddable":true,"href":"https:\/\/lasmimosasdelnalon.es\/en\/wp-json\/wp\/v2\/comments?post=3296"}],"version-history":[{"count":1,"href":"https:\/\/lasmimosasdelnalon.es\/en\/wp-json\/wp\/v2\/posts\/3296\/revisions"}],"predecessor-version":[{"id":3298,"href":"https:\/\/lasmimosasdelnalon.es\/en\/wp-json\/wp\/v2\/posts\/3296\/revisions\/3298"}],"wp:featuredmedia":[{"embeddable":true,"href":"https:\/\/lasmimosasdelnalon.es\/en\/wp-json\/wp\/v2\/media\/3297"}],"wp:attachment":[{"href":"https:\/\/lasmimosasdelnalon.es\/en\/wp-json\/wp\/v2\/media?parent=3296"}],"wp:term":[{"taxonomy":"category","embeddable":true,"href":"https:\/\/lasmimosasdelnalon.es\/en\/wp-json\/wp\/v2\/categories?post=3296"},{"taxonomy":"post_tag","embeddable":true,"href":"https:\/\/lasmimosasdelnalon.es\/en\/wp-json\/wp\/v2\/tags?post=3296"}],"curies":[{"name":"wp","href":"https:\/\/api.w.org\/{rel}","templated":true}]}}