{"id":3290,"date":"2026-04-24T09:27:24","date_gmt":"2026-04-24T09:27:24","guid":{"rendered":"https:\/\/lasmimosasdelnalon.es\/?p=3290"},"modified":"2026-04-24T09:31:02","modified_gmt":"2026-04-24T09:31:02","slug":"dia-asturias-cudillero-playa-silencio-cabo-vidio","status":"publish","type":"post","link":"https:\/\/lasmimosasdelnalon.es\/en\/asturias\/dia-asturias-cudillero-playa-silencio-cabo-vidio\/","title":{"rendered":"Un d\u00eda en Asturias para alimentar los sentidos: de Las Mimosas del Nal\u00f3n a Cudillero, Playa del Silencio y Cabo Vidio"},"content":{"rendered":"<p>Hay d\u00edas que no se miden en horas. Se miden en aromas, en paisajes, en sobremesas sin prisa, en el salitre sobre la piel y en esa sensaci\u00f3n tan asturiana de estar exactamente donde quer\u00edas estar.<\/p>\n\n\n\n<p>Desde Las Mimosas del Nal\u00f3n, en San Juan de la Arena, te proponemos una escapada de un d\u00eda para vivir Asturias con calma. Sin correr. Sin querer verlo todo. Dejando espacio para parar, mirar, respirar\u2026 e improvisar.<\/p>\n\n\n\n<p>Porque Asturias no se conquista con una lista. <strong>Asturias se saborea.<\/strong><\/p>\n\n\n\n<h2 class=\"wp-block-heading\">Despertar despacio en Las Mimosas del Nal\u00f3n<\/h2>\n\n\n\n<p>El d\u00eda empieza como tienen que empezar los d\u00edas bonitos: sin alarma emocional.<\/p>\n\n\n\n<p>Abres la ventana y entra el aire del norte. Ese aire limpio que huele a verde, a r\u00edo, a mar cercano. En Las Mimosas del Nal\u00f3n, el desayuno no es solo el primer momento del d\u00eda: es una invitaci\u00f3n a bajar el ritmo.<\/p>\n\n\n\n<p>Pan reci\u00e9n hecho, caf\u00e9 caliente, conversaci\u00f3n tranquila y esa luz suave de Asturias que parece pedirte una cosa muy sencilla: no tengas prisa.<\/p>\n\n\n\n<p>Aqu\u00ed empieza nuestra propuesta personal para disfrutar de Asturias en un d\u00eda. Un plan para parejas, familias, amigos o viajeros que quieren sentir el norte de verdad.<\/p>\n\n\n\n<h2 class=\"wp-block-heading\">Primera parada: Cudillero, el pueblo que parece pintado sobre el mar<\/h2>\n\n\n\n<p>Despu\u00e9s de desayunar, ponemos rumbo a Cudillero, uno de esos pueblos marineros que no se olvidan.<\/p>\n\n\n\n<p>Desde el mirador de la Garita, Cudillero se abre ante los ojos como un anfiteatro de colores. Sus casas de tonos vivos trepan por la ladera como si quisieran asomarse todas al puerto, creando una cascada visual que contrasta con el azul profundo del Cant\u00e1brico. Al descender por sus callejuelas empedradas, el aire se llena de una mezcla inconfundible: el olor a salitre, a madera vieja y a pescado fresco reci\u00e9n llegado a puerto.<\/p>\n\n\n\n<p>Recomendamos aparcar en el puerto, para as\u00ed la vuelta sea m\u00e1s ligera.<\/p>\n\n\n\n<p>Las calles estrechas invitan a perderse. En cada esquina, el sonido de una puerta vieja, el murmullo de las olas o las voces animadas en las terrazas de la Plaza de la Marina te envuelven. Y los miradores regalan esa postal que todo viajero se lleva en la memoria: el Cant\u00e1brico al fondo y el alma pixueta latiendo en cada rinc\u00f3n.<\/p>\n\n\n\n<p>Nuestra recomendaci\u00f3n: no llegues con el plan cerrado. Pasea. Sube a alg\u00fan mirador y siente la brisa en el rostro. Baja al puerto. Entra en sus peque\u00f1as tiendas. Mira sin comprar nada\u2026 o compra algo que te recuerde este d\u00eda cuando vuelvas a casa.<\/p>\n\n\n\n<h3 class=\"wp-block-heading\">Tiendas y artesan\u00eda en Cudillero<\/h3>\n\n\n\n<p>Para llevarte un recuerdo con alma, te recomendamos buscar piezas de artesan\u00eda local, detalles marineros, cer\u00e1mica, joyer\u00eda o decoraci\u00f3n inspirada en Asturias.<\/p>\n\n\n\n<p>Una parada interesante es Cer\u00e1mica Negra de Cudillero \u2013 Alfar del Zarru, vinculada a la tradici\u00f3n de los barros negros asturianos. Tambi\u00e9n puedes acercarte a tiendas de regalo y artesan\u00eda como Arte y Mar, en la Plaza de San Pedro, especializada en art\u00edculos t\u00edpicos, recuerdos y artesan\u00eda asturiana. Una de las tiendas m\u00e1s completas es la de Julieta y Arte y Mar.<\/p>\n\n\n\n<p>Y recuerda: el mejor souvenir no siempre es un objeto. A veces es una conversaci\u00f3n, una foto sin posar o el sonido de las gaviotas sobre el puerto.<\/p>\n\n\n\n<h2 class=\"wp-block-heading\">Comer frente al mar en Casa Miguel, playa de La Concha de Artedo<\/h2>\n\n\n\n<p>Despu\u00e9s de Cudillero, el cuerpo empieza a pedir mesa, mantel y mar.<\/p>\n\n\n\n<p>Nuestra propuesta es comer en Casa Miguel, junto a la playa de La Concha de Artedo, en Lamu\u00f1o, Cudillero. Un lugar perfecto para alargar la ma\u00f1ana con sabor a costa asturiana. Mejor reservar, <a href=\"https:\/\/casamiguellaconchadeartedo.es\/\">desde su web<\/a> o llamando al \u00a0+34 664618012<\/p>\n\n\n\n<p>Aqu\u00ed el plan es sencillo: sentarse, mirar al mar y dejar que la comida haga su parte. Pescados, arroces, productos del Cant\u00e1brico, sobremesa tranquila y ese placer tan nuestro de comer sin mirar el reloj. Un paseo por la playa con mucha tranquilidad.<\/p>\n\n\n\n<p>Porque tambi\u00e9n viajar es esto: el pan sobre la mesa, el rumor de las olas cerca, una copa levantada y la certeza de que no hace falta a\u00f1adir mucho m\u00e1s.<\/p>\n\n\n\n<h2 class=\"wp-block-heading\">Tarde de silencio en la Playa del Silencio<\/h2>\n\n\n\n<p>Despu\u00e9s de comer, continuamos hacia uno de los paisajes m\u00e1s emocionantes de la costa asturiana: la Playa del Silencio.<\/p>\n\n\n\n<p><strong>Su nombre ya lo dice todo.<\/strong><\/p>\n\n\n\n<p>No es una playa para llegar, hacer una foto y marcharse. Es un lugar para quedarse quieto. Al descender por el sendero, la inmensidad de los acantilados que la protegen te hace sentir peque\u00f1o, pero a la vez libre. Aqu\u00ed no hay arena, sino cantos rodados, y el sonido que hace el mar al acariciar las piedras crea una sinfon\u00eda natural, relajante y reconfortante.<\/p>\n\n\n\n<p>El agua, de un color esmeralda cristalino, contrasta con la roca escarpada y la vegetaci\u00f3n salvaje. Es un paraje casi virgen donde el viento susurra entre las grietas y el mar impone su ritmo. Para mirar los acantilados. Para sentir esa mezcla de belleza salvaje y paz profunda que solo Asturias sabe regalar.<\/p>\n\n\n\n<p>Baja con calma si las condiciones lo permiten. Lleva calzado c\u00f3modo. Y, sobre todo, deja que el paisaje hable. Si la marea es alta, merece la pena verla s\u00f3lo desde el mirador.<\/p>\n\n\n\n<p>Hay sitios que se visitan. La Playa del Silencio se escucha.<\/p>\n\n\n\n<h2 class=\"wp-block-heading\">Puesta de sol en Cabo Vidio<\/h2>\n\n\n\n<p>Cuando el d\u00eda empieza a despedirse, llega uno de los momentos m\u00e1s especiales de esta ruta: la puesta de sol en Cabo Vidio.<\/p>\n\n\n\n<p>Situado al borde de unos acantilados de casi 100 metros de altura, el faro de Cabo Vidio es un balc\u00f3n natural al infinito. El cielo se vuelve dorado, ti\u00f1endo el paisaje marino de tonos naranjas y rojizos que se reflejan en las olas. El mar cambia de color. Los acantilados parecen encenderse por dentro.<\/p>\n\n\n\n<p>El viento sopla con fuerza, trayendo consigo el aroma puro del oc\u00e9ano, y el estruendo del Cant\u00e1brico rompiendo contra la roca te estremece y te llena de energ\u00eda. Y de pronto entiendes por qu\u00e9 hay lugares que no necesitan explicaci\u00f3n.<\/p>\n\n\n\n<p>Cabo Vidio es perfecto para cerrar la jornada con calma, sent\u00e1ndose en uno de sus bancos, respirando hondo y mirando c\u00f3mo el sol cae sobre el Cant\u00e1brico.<\/p>\n\n\n\n<p>No tengas prisa por volver. Qu\u00e9date un poco m\u00e1s. A veces, el mejor momento del viaje aparece justo cuando ya no est\u00e1s buscando nada.<\/p>\n\n\n\n<h2 class=\"wp-block-heading\">Y si tienes ganas de m\u00e1s: ruta a caballo por Oleiros<\/h2>\n\n\n\n<p>Si el cuerpo pide aventura, naturaleza y una experiencia diferente, puedes completar el d\u00eda \u2014o reservarlo para otra jornada\u2014 con una ruta a caballo por el bosque y los acantilados de la zona de Oleiros. Colaboramos con Jesus, de Rutas a Caballo y seguro que os atiende genial. Os podemos reservar si quer\u00e9is. <\/p>\n\n\n\n<p>Es un plan precioso para sentir Asturias desde otro ritmo: el paso tranquilo del caballo, el olor a tierra h\u00fameda y pinar, la brisa marina acariciando tu rostro y las vistas espectaculares hacia la playa natural de Oleiros. Sentir la conexi\u00f3n con el animal y la libertad de cabalgar junto al mar es una experiencia que despierta todos los sentidos.<\/p>\n\n\n\n<p>Una forma distinta de conectar con el paisaje. Sin ruido. Sin pantallas. Solo naturaleza, mar y camino.<\/p>\n\n\n\n<h2 class=\"wp-block-heading\">Volver a descansar a Las Mimosas del Nal\u00f3n<\/h2>\n\n\n\n<p><strong>Despu\u00e9s de un d\u00eda as\u00ed, volver a Las Mimosas del Nal\u00f3n se siente como volver a casa.<\/strong><\/p>\n\n\n\n<p>Llegas con la piel salada, la mirada llena de azul y verde, y esa felicidad tranquila que dejan los d\u00edas bien vividos. Quiz\u00e1 todav\u00eda quede tiempo para una ducha caliente, una cena sencilla, una charla en voz baja o simplemente no hacer nada.<\/p>\n\n\n\n<p>Y ese es tambi\u00e9n nuestro plan: dejar espacio para no hacer nada. Un momento perfecto para disfrutar en nuestro mirador, con vistas a la r\u00eda del Nal\u00f3n y San Esteban de Prav\u00eda.<\/p>\n\n\n\n<p>Porque en Las Mimosas del Nal\u00f3n creemos que viajar no consiste en llenar la agenda, sino en vaciar un poco la cabeza.<\/p>\n\n\n\n<p>Alimenta los sentidos. Vive Asturias con calma. Vuelve a tu casa en Asturias.<\/p>\n\n\n\n<h2 class=\"wp-block-heading\">Elige tu apartamento para esta escapada<\/h2>\n\n\n\n<p>En Las Mimosas del Nal\u00f3n contamos con apartamentos pensados para diferentes formas de viajar:<\/p>\n\n\n\n<p><strong>Flat El H\u00f3rreo<\/strong><\/p>\n\n\n\n<p>Un refugio para 2 personas, inspirado en la tradici\u00f3n asturiana. Sencillo, acogedor y lleno de calidez. Perfecto para parejas que buscan una escapada tranquila entre mar, r\u00edo y naturaleza.<\/p>\n\n\n\n<p><a href=\"https:\/\/lasmimosasdelnalon.es\/en\/flats\/flat-elhorreo-asturias\/\">Ver El Horrero<\/a><\/p>\n\n\n\n<p><strong>Sunsets Apartment<\/strong><\/p>\n\n\n\n<p>Pensado para 5-6 personas, invita a detenerse y disfrutar de la puesta de sol sobre el valle del Nal\u00f3n desde el sal\u00f3n o la terraza. Ideal para familias o peque\u00f1os grupos que quieren compartir Asturias sin renunciar a la calma. Desde su bal\u00f3n podr\u00e1s sentir el atardecer. <\/p>\n\n\n\n<p><a href=\"https:\/\/lasmimosasdelnalon.es\/en\/flats\/asturias-sunsets-flat\/\">Ver Atardeceres<\/a><\/p>\n\n\n\n<p><strong>Flat El Mirador<\/strong><\/p>\n\n\n\n<p>Situado en la planta alta, ofrece una panor\u00e1mica especial del paisaje asturiano. Un alojamiento donde las vistas forman parte de la experiencia y cada despertar recuerda que est\u00e1s en un lugar para respirar.<\/p>\n\n\n\n<p><a href=\"https:\/\/lasmimosasdelnalon.es\/en\/flats\/flat-el-mirador-asturias\/\">Ver el apartamento El Mirador<\/a><\/p>\n\n\n\n<h2 class=\"wp-block-heading\">Reserva tu alojamiento en Asturias<\/h2>\n\n\n\n<p>Haz de esta ruta algo m\u00e1s que una excursi\u00f3n. Convi\u00e9rtela en una experiencia para recordar.<\/p>\n\n\n\n<p><strong>Las Mimosas del Nal\u00f3n, Tu casa en Asturias.<\/strong><\/p>\n\n\n\n<p>Reservas y WhatsApp: 657 952 969<\/p>\n\n\n\n<p><strong>San Juan de la Arena, Soto del Barco, Asturias<\/strong><\/p>\n\n\n\n<p><a href=\"https:\/\/lasmimosasdelnalon.es\/en\/alimenta-los-sentidos-tu-casa-en-asturias\/\">ALIMENTA LOS SENTIDOS<\/a><\/p>\n\n\n\n<figure class=\"wp-block-image size-large\"><img fetchpriority=\"high\" decoding=\"async\" width=\"1024\" height=\"768\" src=\"https:\/\/lasmimosasdelnalon.es\/wp-content\/uploads\/2026\/04\/CABO-VIDEO-VIAJES-DE-ALI-2-1024x768.jpg\" alt=\"\" class=\"wp-image-3294\" srcset=\"https:\/\/lasmimosasdelnalon.es\/wp-content\/uploads\/2026\/04\/CABO-VIDEO-VIAJES-DE-ALI-2-1024x768.jpg 1024w, https:\/\/lasmimosasdelnalon.es\/wp-content\/uploads\/2026\/04\/CABO-VIDEO-VIAJES-DE-ALI-2-300x225.jpg 300w, https:\/\/lasmimosasdelnalon.es\/wp-content\/uploads\/2026\/04\/CABO-VIDEO-VIAJES-DE-ALI-2-768x576.jpg 768w, https:\/\/lasmimosasdelnalon.es\/wp-content\/uploads\/2026\/04\/CABO-VIDEO-VIAJES-DE-ALI-2-1536x1152.jpg 1536w, https:\/\/lasmimosasdelnalon.es\/wp-content\/uploads\/2026\/04\/CABO-VIDEO-VIAJES-DE-ALI-2-16x12.jpg 16w, https:\/\/lasmimosasdelnalon.es\/wp-content\/uploads\/2026\/04\/CABO-VIDEO-VIAJES-DE-ALI-2.jpg 1600w\" sizes=\"(max-width: 1024px) 100vw, 1024px\" \/><\/figure>","protected":false},"excerpt":{"rendered":"<p>Hay d\u00edas que no se miden en horas. Se miden en aromas, en paisajes, en sobremesas sin prisa, en el salitre sobre la piel y en esa sensaci\u00f3n tan asturiana de estar exactamente donde quer\u00edas estar. Desde Las Mimosas del Nal\u00f3n, en San Juan de la Arena, te proponemos una escapada de un d\u00eda para vivir Asturias con calma. Sin correr. Sin querer verlo todo. Dejando espacio para parar, mirar, respirar\u2026 e improvisar. Porque Asturias no se conquista con una lista. Asturias se saborea. Despertar despacio en Las Mimosas del Nal\u00f3n El d\u00eda empieza como tienen que empezar los d\u00edas bonitos: sin alarma emocional. Abres la ventana y entra el aire del norte. Ese aire limpio que huele a verde, a r\u00edo, a mar cercano. En Las Mimosas del Nal\u00f3n, el desayuno no es solo el primer momento del d\u00eda: es una invitaci\u00f3n a bajar el ritmo. Pan reci\u00e9n hecho, caf\u00e9 caliente, conversaci\u00f3n tranquila y esa luz suave de Asturias que parece pedirte una cosa muy sencilla: no tengas prisa. Aqu\u00ed empieza nuestra propuesta personal para disfrutar de Asturias en un d\u00eda. Un plan para parejas, familias, amigos o viajeros que quieren sentir el norte de verdad. Primera parada: Cudillero, el pueblo que parece pintado sobre el mar Despu\u00e9s de desayunar, ponemos rumbo a Cudillero, uno de esos pueblos marineros que no se olvidan. Desde el mirador de la Garita, Cudillero se abre ante los ojos como un anfiteatro de colores. Sus casas de tonos vivos trepan por la ladera como si quisieran asomarse todas al puerto, creando una cascada visual que contrasta con el azul profundo del Cant\u00e1brico. Al descender por sus callejuelas empedradas, el aire se llena de una mezcla inconfundible: el olor a salitre, a madera vieja y a pescado fresco reci\u00e9n llegado a puerto. Recomendamos aparcar en el puerto, para as\u00ed la vuelta sea m\u00e1s ligera. Las calles estrechas invitan a perderse. En cada esquina, el sonido de una puerta vieja, el murmullo de las olas o las voces animadas en las terrazas de la Plaza de la Marina te envuelven. Y los miradores regalan esa postal que todo viajero se lleva en la memoria: el Cant\u00e1brico al fondo y el alma pixueta latiendo en cada rinc\u00f3n. Nuestra recomendaci\u00f3n: no llegues con el plan cerrado. Pasea. Sube a alg\u00fan mirador y siente la brisa en el rostro. Baja al puerto. Entra en sus peque\u00f1as tiendas. Mira sin comprar nada\u2026 o compra algo que te recuerde este d\u00eda cuando vuelvas a casa. Tiendas y artesan\u00eda en Cudillero Para llevarte un recuerdo con alma, te recomendamos buscar piezas de artesan\u00eda local, detalles marineros, cer\u00e1mica, joyer\u00eda o decoraci\u00f3n inspirada en Asturias. Una parada interesante es Cer\u00e1mica Negra de Cudillero \u2013 Alfar del Zarru, vinculada a la tradici\u00f3n de los barros negros asturianos. Tambi\u00e9n puedes acercarte a tiendas de regalo y artesan\u00eda como Arte y Mar, en la Plaza de San Pedro, especializada en art\u00edculos t\u00edpicos, recuerdos y artesan\u00eda asturiana. Una de las tiendas m\u00e1s completas es la de Julieta y Arte y Mar. Y recuerda: el mejor souvenir no siempre es un objeto. A veces es una conversaci\u00f3n, una foto sin posar o el sonido de las gaviotas sobre el puerto. Comer frente al mar en Casa Miguel, playa de La Concha de Artedo Despu\u00e9s de Cudillero, el cuerpo empieza a pedir mesa, mantel y mar. Nuestra propuesta es comer en Casa Miguel, junto a la playa de La Concha de Artedo, en Lamu\u00f1o, Cudillero. Un lugar perfecto para alargar la ma\u00f1ana con sabor a costa asturiana. Mejor reservar, desde su web o llamando al \u00a0+34 664618012 Aqu\u00ed el plan es sencillo: sentarse, mirar al mar y dejar que la comida haga su parte. Pescados, arroces, productos del Cant\u00e1brico, sobremesa tranquila y ese placer tan nuestro de comer sin mirar el reloj. Un paseo por la playa con mucha tranquilidad. Porque tambi\u00e9n viajar es esto: el pan sobre la mesa, el rumor de las olas cerca, una copa levantada y la certeza de que no hace falta a\u00f1adir mucho m\u00e1s. Tarde de silencio en la Playa del Silencio Despu\u00e9s de comer, continuamos hacia uno de los paisajes m\u00e1s emocionantes de la costa asturiana: la Playa del Silencio. Su nombre ya lo dice todo. No es una playa para llegar, hacer una foto y marcharse. Es un lugar para quedarse quieto. Al descender por el sendero, la inmensidad de los acantilados que la protegen te hace sentir peque\u00f1o, pero a la vez libre. Aqu\u00ed no hay arena, sino cantos rodados, y el sonido que hace el mar al acariciar las piedras crea una sinfon\u00eda natural, relajante y reconfortante. El agua, de un color esmeralda cristalino, contrasta con la roca escarpada y la vegetaci\u00f3n salvaje. Es un paraje casi virgen donde el viento susurra entre las grietas y el mar impone su ritmo. Para mirar los acantilados. Para sentir esa mezcla de belleza salvaje y paz profunda que solo Asturias sabe regalar. Baja con calma si las condiciones lo permiten. Lleva calzado c\u00f3modo. Y, sobre todo, deja que el paisaje hable. Si la marea es alta, merece la pena verla s\u00f3lo desde el mirador. Hay sitios que se visitan. La Playa del Silencio se escucha. Puesta de sol en Cabo Vidio Cuando el d\u00eda empieza a despedirse, llega uno de los momentos m\u00e1s especiales de esta ruta: la puesta de sol en Cabo Vidio. Situado al borde de unos acantilados de casi 100 metros de altura, el faro de Cabo Vidio es un balc\u00f3n natural al infinito. El cielo se vuelve dorado, ti\u00f1endo el paisaje marino de tonos naranjas y rojizos que se reflejan en las olas. El mar cambia de color. Los acantilados parecen encenderse por dentro. El viento sopla con fuerza, trayendo consigo el aroma puro del oc\u00e9ano, y el estruendo del Cant\u00e1brico rompiendo contra la roca te estremece y te llena de energ\u00eda. Y de pronto entiendes por qu\u00e9 hay lugares que no necesitan explicaci\u00f3n. Cabo Vidio es perfecto para cerrar la jornada con calma, sent\u00e1ndose en<\/p>","protected":false},"author":2,"featured_media":3151,"comment_status":"open","ping_status":"open","sticky":false,"template":"","format":"standard","meta":{"footnotes":""},"categories":[1],"tags":[],"class_list":["post-3290","post","type-post","status-publish","format-standard","has-post-thumbnail","hentry","category-asturias"],"yoast_head":"<!-- This site is optimized with the Yoast SEO plugin v27.2 - https:\/\/yoast.com\/product\/yoast-seo-wordpress\/ -->\n<title>Asturias: Cudillero, Playa del Silencio y Cabo Vidio desde Las Mimosas del Nal\u00f3n<\/title>\n<meta name=\"description\" content=\"Desde Las Mimosas del Nal\u00f3n te proponemos un plan lleno de mar, pueblos con encanto, buena mesa, acantilados y atardeceres inolvidables: Cudillero, La Concha de Artedo, Playa del Silencio y Cabo Vidio. Todo dejando tiempo para improvisar, respirar y alimentar los sentidos.\" \/>\n<meta name=\"robots\" content=\"index, follow, max-snippet:-1, max-image-preview:large, max-video-preview:-1\" \/>\n<link rel=\"canonical\" href=\"https:\/\/lasmimosasdelnalon.es\/en\/asturias\/dia-asturias-cudillero-playa-silencio-cabo-vidio\/\" \/>\n<meta property=\"og:locale\" content=\"en_GB\" \/>\n<meta property=\"og:type\" content=\"article\" \/>\n<meta property=\"og:title\" content=\"Asturias: Cudillero, Playa del Silencio y Cabo Vidio desde Las Mimosas del Nal\u00f3n\" \/>\n<meta property=\"og:description\" content=\"Desde Las Mimosas del Nal\u00f3n te proponemos un plan lleno de mar, pueblos con encanto, buena mesa, acantilados y atardeceres inolvidables: Cudillero, La Concha de Artedo, Playa del Silencio y Cabo Vidio. Todo dejando tiempo para improvisar, respirar y alimentar los sentidos.\" \/>\n<meta property=\"og:url\" content=\"https:\/\/lasmimosasdelnalon.es\/en\/asturias\/dia-asturias-cudillero-playa-silencio-cabo-vidio\/\" \/>\n<meta property=\"og:site_name\" content=\"Las Mimosas del Nal\u00f3n\" \/>\n<meta property=\"article:published_time\" content=\"2026-04-24T09:27:24+00:00\" \/>\n<meta property=\"article:modified_time\" content=\"2026-04-24T09:31:02+00:00\" \/>\n<meta property=\"og:image\" content=\"https:\/\/lasmimosasdelnalon.es\/wp-content\/uploads\/2026\/04\/cudillero.jpg\" \/>\n\t<meta property=\"og:image:width\" content=\"1200\" \/>\n\t<meta property=\"og:image:height\" content=\"800\" \/>\n\t<meta property=\"og:image:type\" content=\"image\/jpeg\" \/>\n<meta name=\"author\" content=\"Carlos\" \/>\n<meta name=\"twitter:card\" content=\"summary_large_image\" \/>\n<meta name=\"twitter:label1\" content=\"Written by\" \/>\n\t<meta name=\"twitter:data1\" content=\"Carlos\" \/>\n\t<meta name=\"twitter:label2\" content=\"Estimated reading time\" \/>\n\t<meta name=\"twitter:data2\" content=\"8 minutes\" \/>\n<script type=\"application\/ld+json\" class=\"yoast-schema-graph\">{\"@context\":\"https:\/\/schema.org\",\"@graph\":[{\"@type\":\"Article\",\"@id\":\"https:\/\/lasmimosasdelnalon.es\/asturias\/dia-asturias-cudillero-playa-silencio-cabo-vidio\/#article\",\"isPartOf\":{\"@id\":\"https:\/\/lasmimosasdelnalon.es\/asturias\/dia-asturias-cudillero-playa-silencio-cabo-vidio\/\"},\"author\":{\"name\":\"Carlos\",\"@id\":\"https:\/\/lasmimosasdelnalon.es\/#\/schema\/person\/9ee58888b86e82d61691d8e243f8a8ce\"},\"headline\":\"Un d\u00eda en Asturias para alimentar los sentidos: de Las Mimosas del Nal\u00f3n a Cudillero, Playa del Silencio y Cabo Vidio\",\"datePublished\":\"2026-04-24T09:27:24+00:00\",\"dateModified\":\"2026-04-24T09:31:02+00:00\",\"mainEntityOfPage\":{\"@id\":\"https:\/\/lasmimosasdelnalon.es\/asturias\/dia-asturias-cudillero-playa-silencio-cabo-vidio\/\"},\"wordCount\":1620,\"commentCount\":0,\"publisher\":{\"@id\":\"https:\/\/lasmimosasdelnalon.es\/#organization\"},\"image\":{\"@id\":\"https:\/\/lasmimosasdelnalon.es\/asturias\/dia-asturias-cudillero-playa-silencio-cabo-vidio\/#primaryimage\"},\"thumbnailUrl\":\"https:\/\/lasmimosasdelnalon.es\/wp-content\/uploads\/2026\/04\/cudillero.jpg\",\"articleSection\":[\"Asturias\"],\"inLanguage\":\"en-GB\",\"potentialAction\":[{\"@type\":\"CommentAction\",\"name\":\"Comment\",\"target\":[\"https:\/\/lasmimosasdelnalon.es\/asturias\/dia-asturias-cudillero-playa-silencio-cabo-vidio\/#respond\"]}]},{\"@type\":\"WebPage\",\"@id\":\"https:\/\/lasmimosasdelnalon.es\/asturias\/dia-asturias-cudillero-playa-silencio-cabo-vidio\/\",\"url\":\"https:\/\/lasmimosasdelnalon.es\/asturias\/dia-asturias-cudillero-playa-silencio-cabo-vidio\/\",\"name\":\"Asturias: Cudillero, Playa del Silencio y Cabo Vidio desde Las Mimosas del Nal\u00f3n\",\"isPartOf\":{\"@id\":\"https:\/\/lasmimosasdelnalon.es\/#website\"},\"primaryImageOfPage\":{\"@id\":\"https:\/\/lasmimosasdelnalon.es\/asturias\/dia-asturias-cudillero-playa-silencio-cabo-vidio\/#primaryimage\"},\"image\":{\"@id\":\"https:\/\/lasmimosasdelnalon.es\/asturias\/dia-asturias-cudillero-playa-silencio-cabo-vidio\/#primaryimage\"},\"thumbnailUrl\":\"https:\/\/lasmimosasdelnalon.es\/wp-content\/uploads\/2026\/04\/cudillero.jpg\",\"datePublished\":\"2026-04-24T09:27:24+00:00\",\"dateModified\":\"2026-04-24T09:31:02+00:00\",\"description\":\"Desde Las Mimosas del Nal\u00f3n te proponemos un plan lleno de mar, pueblos con encanto, buena mesa, acantilados y atardeceres inolvidables: Cudillero, La Concha de Artedo, Playa del Silencio y Cabo Vidio. Todo dejando tiempo para improvisar, respirar y alimentar los sentidos.\",\"breadcrumb\":{\"@id\":\"https:\/\/lasmimosasdelnalon.es\/asturias\/dia-asturias-cudillero-playa-silencio-cabo-vidio\/#breadcrumb\"},\"inLanguage\":\"en-GB\",\"potentialAction\":[{\"@type\":\"ReadAction\",\"target\":[\"https:\/\/lasmimosasdelnalon.es\/asturias\/dia-asturias-cudillero-playa-silencio-cabo-vidio\/\"]}]},{\"@type\":\"ImageObject\",\"inLanguage\":\"en-GB\",\"@id\":\"https:\/\/lasmimosasdelnalon.es\/asturias\/dia-asturias-cudillero-playa-silencio-cabo-vidio\/#primaryimage\",\"url\":\"https:\/\/lasmimosasdelnalon.es\/wp-content\/uploads\/2026\/04\/cudillero.jpg\",\"contentUrl\":\"https:\/\/lasmimosasdelnalon.es\/wp-content\/uploads\/2026\/04\/cudillero.jpg\",\"width\":1200,\"height\":800,\"caption\":\"Excursi\u00f3n desde las Mimosas del Nal\u00f3n a Cudillero\"},{\"@type\":\"BreadcrumbList\",\"@id\":\"https:\/\/lasmimosasdelnalon.es\/asturias\/dia-asturias-cudillero-playa-silencio-cabo-vidio\/#breadcrumb\",\"itemListElement\":[{\"@type\":\"ListItem\",\"position\":1,\"name\":\"Portada\",\"item\":\"https:\/\/lasmimosasdelnalon.es\/\"},{\"@type\":\"ListItem\",\"position\":2,\"name\":\"Un d\u00eda en Asturias para alimentar los sentidos: de Las Mimosas del Nal\u00f3n a Cudillero, Playa del Silencio y Cabo Vidio\"}]},{\"@type\":\"WebSite\",\"@id\":\"https:\/\/lasmimosasdelnalon.es\/#website\",\"url\":\"https:\/\/lasmimosasdelnalon.es\/\",\"name\":\"Las Mimosas del Nal\u00f3n\",\"description\":\"Alojamiento rural en Asturias\",\"publisher\":{\"@id\":\"https:\/\/lasmimosasdelnalon.es\/#organization\"},\"potentialAction\":[{\"@type\":\"SearchAction\",\"target\":{\"@type\":\"EntryPoint\",\"urlTemplate\":\"https:\/\/lasmimosasdelnalon.es\/?s={search_term_string}\"},\"query-input\":{\"@type\":\"PropertyValueSpecification\",\"valueRequired\":true,\"valueName\":\"search_term_string\"}}],\"inLanguage\":\"en-GB\"},{\"@type\":\"Organization\",\"@id\":\"https:\/\/lasmimosasdelnalon.es\/#organization\",\"name\":\"Las Mimosas del Nal\u00f3n\",\"url\":\"https:\/\/lasmimosasdelnalon.es\/\",\"logo\":{\"@type\":\"ImageObject\",\"inLanguage\":\"en-GB\",\"@id\":\"https:\/\/lasmimosasdelnalon.es\/#\/schema\/logo\/image\/\",\"url\":\"https:\/\/lasmimosasdelnalon.es\/wp-content\/uploads\/2026\/01\/1.1.-4-tintas-sin-fondo-scaled.png\",\"contentUrl\":\"https:\/\/lasmimosasdelnalon.es\/wp-content\/uploads\/2026\/01\/1.1.-4-tintas-sin-fondo-scaled.png\",\"width\":2560,\"height\":1879,\"caption\":\"Las Mimosas del Nal\u00f3n\"},\"image\":{\"@id\":\"https:\/\/lasmimosasdelnalon.es\/#\/schema\/logo\/image\/\"},\"sameAs\":[\"https:\/\/www.instagram.com\/lasmimosasdelnalon\/\",\"https:\/\/www.youtube.com\/@lasmimosasdelnalon\"]},{\"@type\":\"Person\",\"@id\":\"https:\/\/lasmimosasdelnalon.es\/#\/schema\/person\/9ee58888b86e82d61691d8e243f8a8ce\",\"name\":\"Carlos\",\"image\":{\"@type\":\"ImageObject\",\"inLanguage\":\"en-GB\",\"@id\":\"https:\/\/secure.gravatar.com\/avatar\/1802abeaf4bf26e666d97038308fc2dbea2816809dcff6ea3184aba0b90a51f0?s=96&d=mm&r=g\",\"url\":\"https:\/\/secure.gravatar.com\/avatar\/1802abeaf4bf26e666d97038308fc2dbea2816809dcff6ea3184aba0b90a51f0?s=96&d=mm&r=g\",\"contentUrl\":\"https:\/\/secure.gravatar.com\/avatar\/1802abeaf4bf26e666d97038308fc2dbea2816809dcff6ea3184aba0b90a51f0?s=96&d=mm&r=g\",\"caption\":\"Carlos\"},\"sameAs\":[\"http:\/\/lasmimosasdelnalon.es\"],\"url\":\"https:\/\/lasmimosasdelnalon.es\/en\/author\/carlos\/\"}]}<\/script>\n<!-- \/ Yoast SEO plugin. -->","yoast_head_json":{"title":"Asturias: Cudillero, Playa del Silencio y Cabo Vidio desde Las Mimosas del Nal\u00f3n","description":"Desde Las Mimosas del Nal\u00f3n te proponemos un plan lleno de mar, pueblos con encanto, buena mesa, acantilados y atardeceres inolvidables: Cudillero, La Concha de Artedo, Playa del Silencio y Cabo Vidio. Todo dejando tiempo para improvisar, respirar y alimentar los sentidos.","robots":{"index":"index","follow":"follow","max-snippet":"max-snippet:-1","max-image-preview":"max-image-preview:large","max-video-preview":"max-video-preview:-1"},"canonical":"https:\/\/lasmimosasdelnalon.es\/en\/asturias\/dia-asturias-cudillero-playa-silencio-cabo-vidio\/","og_locale":"en_GB","og_type":"article","og_title":"Asturias: Cudillero, Playa del Silencio y Cabo Vidio desde Las Mimosas del Nal\u00f3n","og_description":"Desde Las Mimosas del Nal\u00f3n te proponemos un plan lleno de mar, pueblos con encanto, buena mesa, acantilados y atardeceres inolvidables: Cudillero, La Concha de Artedo, Playa del Silencio y Cabo Vidio. Todo dejando tiempo para improvisar, respirar y alimentar los sentidos.","og_url":"https:\/\/lasmimosasdelnalon.es\/en\/asturias\/dia-asturias-cudillero-playa-silencio-cabo-vidio\/","og_site_name":"Las Mimosas del Nal\u00f3n","article_published_time":"2026-04-24T09:27:24+00:00","article_modified_time":"2026-04-24T09:31:02+00:00","og_image":[{"width":1200,"height":800,"url":"https:\/\/lasmimosasdelnalon.es\/wp-content\/uploads\/2026\/04\/cudillero.jpg","type":"image\/jpeg"}],"author":"Carlos","twitter_card":"summary_large_image","twitter_misc":{"Written by":"Carlos","Estimated reading time":"8 minutes"},"schema":{"@context":"https:\/\/schema.org","@graph":[{"@type":"Article","@id":"https:\/\/lasmimosasdelnalon.es\/asturias\/dia-asturias-cudillero-playa-silencio-cabo-vidio\/#article","isPartOf":{"@id":"https:\/\/lasmimosasdelnalon.es\/asturias\/dia-asturias-cudillero-playa-silencio-cabo-vidio\/"},"author":{"name":"Carlos","@id":"https:\/\/lasmimosasdelnalon.es\/#\/schema\/person\/9ee58888b86e82d61691d8e243f8a8ce"},"headline":"Un d\u00eda en Asturias para alimentar los sentidos: de Las Mimosas del Nal\u00f3n a Cudillero, Playa del Silencio y Cabo Vidio","datePublished":"2026-04-24T09:27:24+00:00","dateModified":"2026-04-24T09:31:02+00:00","mainEntityOfPage":{"@id":"https:\/\/lasmimosasdelnalon.es\/asturias\/dia-asturias-cudillero-playa-silencio-cabo-vidio\/"},"wordCount":1620,"commentCount":0,"publisher":{"@id":"https:\/\/lasmimosasdelnalon.es\/#organization"},"image":{"@id":"https:\/\/lasmimosasdelnalon.es\/asturias\/dia-asturias-cudillero-playa-silencio-cabo-vidio\/#primaryimage"},"thumbnailUrl":"https:\/\/lasmimosasdelnalon.es\/wp-content\/uploads\/2026\/04\/cudillero.jpg","articleSection":["Asturias"],"inLanguage":"en-GB","potentialAction":[{"@type":"CommentAction","name":"Comment","target":["https:\/\/lasmimosasdelnalon.es\/asturias\/dia-asturias-cudillero-playa-silencio-cabo-vidio\/#respond"]}]},{"@type":"WebPage","@id":"https:\/\/lasmimosasdelnalon.es\/asturias\/dia-asturias-cudillero-playa-silencio-cabo-vidio\/","url":"https:\/\/lasmimosasdelnalon.es\/asturias\/dia-asturias-cudillero-playa-silencio-cabo-vidio\/","name":"Asturias: Cudillero, Playa del Silencio y Cabo Vidio desde Las Mimosas del Nal\u00f3n","isPartOf":{"@id":"https:\/\/lasmimosasdelnalon.es\/#website"},"primaryImageOfPage":{"@id":"https:\/\/lasmimosasdelnalon.es\/asturias\/dia-asturias-cudillero-playa-silencio-cabo-vidio\/#primaryimage"},"image":{"@id":"https:\/\/lasmimosasdelnalon.es\/asturias\/dia-asturias-cudillero-playa-silencio-cabo-vidio\/#primaryimage"},"thumbnailUrl":"https:\/\/lasmimosasdelnalon.es\/wp-content\/uploads\/2026\/04\/cudillero.jpg","datePublished":"2026-04-24T09:27:24+00:00","dateModified":"2026-04-24T09:31:02+00:00","description":"Desde Las Mimosas del Nal\u00f3n te proponemos un plan lleno de mar, pueblos con encanto, buena mesa, acantilados y atardeceres inolvidables: Cudillero, La Concha de Artedo, Playa del Silencio y Cabo Vidio. Todo dejando tiempo para improvisar, respirar y alimentar los sentidos.","breadcrumb":{"@id":"https:\/\/lasmimosasdelnalon.es\/asturias\/dia-asturias-cudillero-playa-silencio-cabo-vidio\/#breadcrumb"},"inLanguage":"en-GB","potentialAction":[{"@type":"ReadAction","target":["https:\/\/lasmimosasdelnalon.es\/asturias\/dia-asturias-cudillero-playa-silencio-cabo-vidio\/"]}]},{"@type":"ImageObject","inLanguage":"en-GB","@id":"https:\/\/lasmimosasdelnalon.es\/asturias\/dia-asturias-cudillero-playa-silencio-cabo-vidio\/#primaryimage","url":"https:\/\/lasmimosasdelnalon.es\/wp-content\/uploads\/2026\/04\/cudillero.jpg","contentUrl":"https:\/\/lasmimosasdelnalon.es\/wp-content\/uploads\/2026\/04\/cudillero.jpg","width":1200,"height":800,"caption":"Excursi\u00f3n desde las Mimosas del Nal\u00f3n a Cudillero"},{"@type":"BreadcrumbList","@id":"https:\/\/lasmimosasdelnalon.es\/asturias\/dia-asturias-cudillero-playa-silencio-cabo-vidio\/#breadcrumb","itemListElement":[{"@type":"ListItem","position":1,"name":"Portada","item":"https:\/\/lasmimosasdelnalon.es\/"},{"@type":"ListItem","position":2,"name":"Un d\u00eda en Asturias para alimentar los sentidos: de Las Mimosas del Nal\u00f3n a Cudillero, Playa del Silencio y Cabo Vidio"}]},{"@type":"WebSite","@id":"https:\/\/lasmimosasdelnalon.es\/#website","url":"https:\/\/lasmimosasdelnalon.es\/","name":"The Mimosas del Nal\u00f3n","description":"Rural accommodation in Asturias","publisher":{"@id":"https:\/\/lasmimosasdelnalon.es\/#organization"},"potentialAction":[{"@type":"SearchAction","target":{"@type":"EntryPoint","urlTemplate":"https:\/\/lasmimosasdelnalon.es\/?s={search_term_string}"},"query-input":{"@type":"PropertyValueSpecification","valueRequired":true,"valueName":"search_term_string"}}],"inLanguage":"en-GB"},{"@type":"Organization","@id":"https:\/\/lasmimosasdelnalon.es\/#organization","name":"The Mimosas del Nal\u00f3n","url":"https:\/\/lasmimosasdelnalon.es\/","logo":{"@type":"ImageObject","inLanguage":"en-GB","@id":"https:\/\/lasmimosasdelnalon.es\/#\/schema\/logo\/image\/","url":"https:\/\/lasmimosasdelnalon.es\/wp-content\/uploads\/2026\/01\/1.1.-4-tintas-sin-fondo-scaled.png","contentUrl":"https:\/\/lasmimosasdelnalon.es\/wp-content\/uploads\/2026\/01\/1.1.-4-tintas-sin-fondo-scaled.png","width":2560,"height":1879,"caption":"Las Mimosas del Nal\u00f3n"},"image":{"@id":"https:\/\/lasmimosasdelnalon.es\/#\/schema\/logo\/image\/"},"sameAs":["https:\/\/www.instagram.com\/lasmimosasdelnalon\/","https:\/\/www.youtube.com\/@lasmimosasdelnalon"]},{"@type":"Person","@id":"https:\/\/lasmimosasdelnalon.es\/#\/schema\/person\/9ee58888b86e82d61691d8e243f8a8ce","name":"Carlos","image":{"@type":"ImageObject","inLanguage":"en-GB","@id":"https:\/\/secure.gravatar.com\/avatar\/1802abeaf4bf26e666d97038308fc2dbea2816809dcff6ea3184aba0b90a51f0?s=96&d=mm&r=g","url":"https:\/\/secure.gravatar.com\/avatar\/1802abeaf4bf26e666d97038308fc2dbea2816809dcff6ea3184aba0b90a51f0?s=96&d=mm&r=g","contentUrl":"https:\/\/secure.gravatar.com\/avatar\/1802abeaf4bf26e666d97038308fc2dbea2816809dcff6ea3184aba0b90a51f0?s=96&d=mm&r=g","caption":"Carlos"},"sameAs":["http:\/\/lasmimosasdelnalon.es"],"url":"https:\/\/lasmimosasdelnalon.es\/en\/author\/carlos\/"}]}},"_links":{"self":[{"href":"https:\/\/lasmimosasdelnalon.es\/en\/wp-json\/wp\/v2\/posts\/3290","targetHints":{"allow":["GET"]}}],"collection":[{"href":"https:\/\/lasmimosasdelnalon.es\/en\/wp-json\/wp\/v2\/posts"}],"about":[{"href":"https:\/\/lasmimosasdelnalon.es\/en\/wp-json\/wp\/v2\/types\/post"}],"author":[{"embeddable":true,"href":"https:\/\/lasmimosasdelnalon.es\/en\/wp-json\/wp\/v2\/users\/2"}],"replies":[{"embeddable":true,"href":"https:\/\/lasmimosasdelnalon.es\/en\/wp-json\/wp\/v2\/comments?post=3290"}],"version-history":[{"count":2,"href":"https:\/\/lasmimosasdelnalon.es\/en\/wp-json\/wp\/v2\/posts\/3290\/revisions"}],"predecessor-version":[{"id":3295,"href":"https:\/\/lasmimosasdelnalon.es\/en\/wp-json\/wp\/v2\/posts\/3290\/revisions\/3295"}],"wp:featuredmedia":[{"embeddable":true,"href":"https:\/\/lasmimosasdelnalon.es\/en\/wp-json\/wp\/v2\/media\/3151"}],"wp:attachment":[{"href":"https:\/\/lasmimosasdelnalon.es\/en\/wp-json\/wp\/v2\/media?parent=3290"}],"wp:term":[{"taxonomy":"category","embeddable":true,"href":"https:\/\/lasmimosasdelnalon.es\/en\/wp-json\/wp\/v2\/categories?post=3290"},{"taxonomy":"post_tag","embeddable":true,"href":"https:\/\/lasmimosasdelnalon.es\/en\/wp-json\/wp\/v2\/tags?post=3290"}],"curies":[{"name":"wp","href":"https:\/\/api.w.org\/{rel}","templated":true}]}}