{"id":2865,"date":"2026-03-14T13:05:30","date_gmt":"2026-03-14T13:05:30","guid":{"rendered":"https:\/\/lasmimosasdelnalon.es\/?p=2865"},"modified":"2026-03-14T13:16:30","modified_gmt":"2026-03-14T13:16:30","slug":"nourish-the-senses-in-your-home-in-asturias","status":"publish","type":"post","link":"https:\/\/lasmimosasdelnalon.es\/en\/asturias\/alimenta-los-sentidos-en-tu-casa-de-asturias\/","title":{"rendered":"Nourish the senses, at your home in Asturias"},"content":{"rendered":"<style>.elementor-2865 .elementor-element.elementor-element-3f61fdaa{--display:flex;}.elementor-widget-text-editor{font-family:var( --e-global-typography-text-font-family ), Sans-serif;font-weight:var( --e-global-typography-text-font-weight );color:var( --e-global-color-text );}.elementor-widget-text-editor.elementor-drop-cap-view-stacked .elementor-drop-cap{background-color:var( --e-global-color-primary );}.elementor-widget-text-editor.elementor-drop-cap-view-framed .elementor-drop-cap, .elementor-widget-text-editor.elementor-drop-cap-view-default .elementor-drop-cap{color:var( --e-global-color-primary );border-color:var( --e-global-color-primary );}.elementor-2865 .elementor-element.elementor-element-35782ee{--display:flex;--flex-direction:column;--container-widget-width:100%;--container-widget-height:initial;--container-widget-flex-grow:0;--container-widget-align-self:initial;--flex-wrap-mobile:wrap;}.elementor-widget-image .widget-image-caption{color:var( --e-global-color-text );font-family:var( --e-global-typography-text-font-family ), Sans-serif;font-weight:var( --e-global-typography-text-font-weight );}<\/style>\t\t<div data-elementor-type=\"wp-post\" data-elementor-id=\"2865\" class=\"elementor elementor-2865\" data-elementor-post-type=\"post\">\n\t\t\t\t<div class=\"elementor-element elementor-element-3f61fdaa e-flex e-con-boxed wpr-particle-no wpr-jarallax-no wpr-parallax-no wpr-sticky-section-no e-con e-parent\" data-id=\"3f61fdaa\" data-element_type=\"container\" data-e-type=\"container\">\n\t\t\t\t\t<div class=\"e-con-inner\">\n\t\t\t\t<div class=\"elementor-element elementor-element-2d100b53 elementor-widget elementor-widget-text-editor\" data-id=\"2d100b53\" data-element_type=\"widget\" data-e-type=\"widget\" data-widget_type=\"text-editor.default\">\n\t\t\t\t\t\t\t\t\t<h2 class=\"wp-block-heading\"><strong>\u00abAlimenta los sentidos\u00bb<\/strong><\/h2>\n<p><!-- \/wp:heading --><!-- wp:paragraph --><\/p>\n<p>Una forma de vivir Asturias con calma<\/p>\n<p><!-- \/wp:paragraph --><!-- wp:heading --><\/p>\n<h2 class=\"wp-block-heading\"><strong>Aqu\u00ed en nuestro alojamiento, te acompa\u00f1amos\u00a0 para disfrutar la experiencia.<\/strong><\/h2>\n<p><!-- \/wp:heading --><!-- wp:paragraph --><\/p>\n<div class=\"schema-faq wp-block-yoast-faq-block\">\n<div id=\"faq-question-1768484160233\" class=\"schema-faq-section\">\n<p data-start=\"3247\" data-end=\"3332\">Hay viajes que se organizan con listas.<br data-start=\"3286\" data-end=\"3289\" \/>Y otros que empiezan mucho antes de llegar.<\/p>\n<p data-start=\"3334\" data-end=\"3373\"><strong>Empiezan cuando decides bajar el ritmo.<\/strong><\/p>\n<p data-start=\"3375\" data-end=\"3735\">At <strong>The Mimosas del Nal\u00f3n<\/strong> creemos que el descanso verdadero no se fuerza. Aparece cuando dejas espacio para sentir. Por eso nos inspira una idea sencilla nacida en Jap\u00f3n: <strong>el Shinrin-yoku o \u201cba\u00f1o de bosque\u201d<\/strong>. Una pr\u00e1ctica que no consiste en hacer m\u00e1s cosas, sino en estar presente y dejar que la naturaleza haga su trabajo.<\/p>\n<p data-start=\"3737\" data-end=\"3835\">Aqu\u00ed, en la costa central de Asturias, ocurre algo parecido sin necesidad de explicarlo demasiado.<\/p>\n<p data-start=\"3837\" data-end=\"4238\">La vista descansa sola entre verdes profundos, el r\u00edo Nal\u00f3n y el horizonte del mar.<\/p>\n<ul>\n<li data-start=\"3837\" data-end=\"4238\">El o\u00eddo se calma con sonidos reales: aves, viento, agua y silencio.<\/li>\n<li data-start=\"3837\" data-end=\"4238\">El olfato despierta con eucalipto, salitre y pan reci\u00e9n hecho.<\/li>\n<li data-start=\"3837\" data-end=\"4238\">El tacto recuerda el placer de la hierba h\u00fameda, la madera y una manta al atardecer.<\/li>\n<li data-start=\"3837\" data-end=\"4238\">El gusto celebra lo sencillo y aut\u00e9ntico de Asturias.<\/li>\n<\/ul>\n<p>\u00a0<\/p>\n<p><strong>Y entonces aparece algo m\u00e1s: la intuici\u00f3n.<\/strong><br data-start=\"4282\" data-end=\"4285\" \/>Ese sexto sentido que no se explica, pero confirma que este lugar se siente como casa.<\/p>\n<p data-start=\"4373\" data-end=\"4441\"><strong>Alimentar los sentidos no es una actividad.<\/strong><br data-start=\"4416\" data-end=\"4419\" \/><strong>Es una forma de estar.<\/strong><\/p>\n<p data-start=\"4443\" data-end=\"4505\">Aqu\u00ed no desconectas del mundo.<br data-start=\"4473\" data-end=\"4476\" \/><strong>Vuelves a conectarte contigo.<\/strong><\/p>\n<p data-start=\"4507\" data-end=\"4554\"><strong>Las Mimosas del Nal\u00f3n,<\/strong><br data-start=\"4529\" data-end=\"4532\" \/><strong>your home in Asturias <img decoding=\"async\" class=\"emoji\" role=\"img\" draggable=\"false\" src=\"https:\/\/s.w.org\/images\/core\/emoji\/17.0.2\/svg\/1f33f.svg\" alt=\"\ud83c\udf3f\" \/><\/strong><\/p>\n<\/div>\n<\/div>\n<p><!-- \/wp:yoast\/faq-block --><\/p>\t\t\t\t\t\t\t\t<\/div>\n\t\t\t\t\t<\/div>\n\t\t\t\t<\/div>\n\t\t<div class=\"elementor-element elementor-element-35782ee e-flex e-con-boxed wpr-particle-no wpr-jarallax-no wpr-parallax-no wpr-sticky-section-no e-con e-parent\" data-id=\"35782ee\" data-element_type=\"container\" data-e-type=\"container\">\n\t\t\t\t\t<div class=\"e-con-inner\">\n\t\t\t\t<div class=\"elementor-element elementor-element-50a3734 elementor-widget elementor-widget-image\" data-id=\"50a3734\" data-element_type=\"widget\" data-e-type=\"widget\" data-widget_type=\"image.default\">\n\t\t\t\t\t\t\t\t\t\t\t\t\t\t\t<img fetchpriority=\"high\" width=\"800\" height=\"534\" src=\"https:\/\/lasmimosasdelnalon.es\/wp-content\/uploads\/2026\/02\/bono-Turismo-Rural-Asturias-\u2013-Las-Mimosas-del-Nalon-1024x683.jpg\" class=\"attachment-large size-large wp-image-2149\" alt=\"\" decoding=\"async\" srcset=\"https:\/\/lasmimosasdelnalon.es\/wp-content\/uploads\/2026\/02\/bono-Turismo-Rural-Asturias-\u2013-Las-Mimosas-del-Nalon-1024x683.jpg 1024w, https:\/\/lasmimosasdelnalon.es\/wp-content\/uploads\/2026\/02\/bono-Turismo-Rural-Asturias-\u2013-Las-Mimosas-del-Nalon-300x200.jpg 300w, https:\/\/lasmimosasdelnalon.es\/wp-content\/uploads\/2026\/02\/bono-Turismo-Rural-Asturias-\u2013-Las-Mimosas-del-Nalon-768x512.jpg 768w, https:\/\/lasmimosasdelnalon.es\/wp-content\/uploads\/2026\/02\/bono-Turismo-Rural-Asturias-\u2013-Las-Mimosas-del-Nalon.jpg 1200w\" sizes=\"(max-width: 800px) 100vw, 800px\" \/>\t\t\t\t\t\t\t\t\t\t\t\t\t\t\t<\/div>\n\t\t\t\t\t<\/div>\n\t\t\t\t<\/div>\n\t\t\t\t<\/div>","protected":false},"excerpt":{"rendered":"<p>\u00abNourish the senses\u00bb A way to live Asturias calmly Here in our accommodation, we accompany you to enjoy the experience. There are trips that are organised with lists, and others that start long before you arrive. They start when you decide to slow down. At Las Mimosas del Nal\u00f3n we believe that true rest is not forced. It comes when you leave space to feel. That is why we are inspired by a simple idea born in Japan: Shinrin-yoku or \u201cforest bathing\u201d. A practice that does not consist of doing more things, but of being present and letting nature do its work. Here, on the central coast of Asturias, something similar happens without the need to explain it too much. The sight rests alone between deep greens, the river Nal\u00f3n and the horizon of the sea. The ear is soothed by real sounds: birds, wind, water and silence. The sense of smell awakens with eucalyptus, saltpetre and freshly baked bread. Touch recalls the pleasure of damp grass, wood and a blanket at sunset. Taste celebrates the simplicity and authenticity of Asturias.   And then something else appears: intuition, that sixth sense that cannot be explained, but confirms that this place feels like home. Feeding the senses is not an activity, it is a way of being. Here you don't disconnect from the world, you reconnect with yourself. Las Mimosas del Nal\u00f3n, your home in Asturias.<\/p>","protected":false},"author":2,"featured_media":2873,"comment_status":"open","ping_status":"open","sticky":false,"template":"","format":"standard","meta":{"footnotes":""},"categories":[1,9,17],"tags":[],"class_list":["post-2865","post","type-post","status-publish","format-standard","has-post-thumbnail","hentry","category-asturias","category-mimosas-del-nalon","category-planes-en-asturias"],"yoast_head":"<!-- This site is optimized with the Yoast SEO plugin v27.2 - https:\/\/yoast.com\/product\/yoast-seo-wordpress\/ -->\n<title>Alimenta los sentidos, en tu casa de Asturias &#8212; Las Mimosas del Nal\u00f3n<\/title>\n<meta name=\"robots\" content=\"index, follow, max-snippet:-1, max-image-preview:large, max-video-preview:-1\" \/>\n<link rel=\"canonical\" href=\"https:\/\/lasmimosasdelnalon.es\/en\/asturias\/nourish-the-senses-in-your-home-in-asturias\/\" \/>\n<meta property=\"og:locale\" content=\"en_GB\" \/>\n<meta property=\"og:type\" content=\"article\" \/>\n<meta property=\"og:title\" content=\"Alimenta los sentidos, en tu casa de Asturias &#8212; Las Mimosas del Nal\u00f3n\" \/>\n<meta property=\"og:description\" content=\"\u00abAlimenta los sentidos\u00bb Una forma de vivir Asturias con calma Aqu\u00ed en nuestro alojamiento, te acompa\u00f1amos\u00a0 para disfrutar la experiencia. Hay viajes que se organizan con listas.Y otros que empiezan mucho antes de llegar. Empiezan cuando decides bajar el ritmo. En Las Mimosas del Nal\u00f3n creemos que el descanso verdadero no se fuerza. Aparece cuando dejas espacio para sentir. Por eso nos inspira una idea sencilla nacida en Jap\u00f3n: el Shinrin-yoku o \u201cba\u00f1o de bosque\u201d. Una pr\u00e1ctica que no consiste en hacer m\u00e1s cosas, sino en estar presente y dejar que la naturaleza haga su trabajo. Aqu\u00ed, en la costa central de Asturias, ocurre algo parecido sin necesidad de explicarlo demasiado. La vista descansa sola entre verdes profundos, el r\u00edo Nal\u00f3n y el horizonte del mar. El o\u00eddo se calma con sonidos reales: aves, viento, agua y silencio. El olfato despierta con eucalipto, salitre y pan reci\u00e9n hecho. El tacto recuerda el placer de la hierba h\u00fameda, la madera y una manta al atardecer. El gusto celebra lo sencillo y aut\u00e9ntico de Asturias. \u00a0 Y entonces aparece algo m\u00e1s: la intuici\u00f3n.Ese sexto sentido que no se explica, pero confirma que este lugar se siente como casa. Alimentar los sentidos no es una actividad.Es una forma de estar. Aqu\u00ed no desconectas del mundo.Vuelves a conectarte contigo. Las Mimosas del Nal\u00f3n,tu casa en Asturias\" \/>\n<meta property=\"og:url\" content=\"https:\/\/lasmimosasdelnalon.es\/en\/asturias\/nourish-the-senses-in-your-home-in-asturias\/\" \/>\n<meta property=\"og:site_name\" content=\"Las Mimosas del Nal\u00f3n\" \/>\n<meta property=\"article:published_time\" content=\"2026-03-14T13:05:30+00:00\" \/>\n<meta property=\"article:modified_time\" content=\"2026-03-14T13:16:30+00:00\" \/>\n<meta property=\"og:image\" content=\"https:\/\/lasmimosasdelnalon.es\/wp-content\/uploads\/2026\/03\/ALIMENTA-LOS-SENTIDOS-Tu-casa-en-Asturias-1024x1024.png\" \/>\n\t<meta property=\"og:image:width\" content=\"1024\" \/>\n\t<meta property=\"og:image:height\" content=\"1024\" \/>\n\t<meta property=\"og:image:type\" content=\"image\/png\" \/>\n<meta name=\"author\" content=\"Carlos\" \/>\n<meta name=\"twitter:card\" content=\"summary_large_image\" \/>\n<meta name=\"twitter:label1\" content=\"Written by\" \/>\n\t<meta name=\"twitter:data1\" content=\"Carlos\" \/>\n\t<meta name=\"twitter:label2\" content=\"Estimated reading time\" \/>\n\t<meta name=\"twitter:data2\" content=\"2 minutes\" \/>\n<script type=\"application\/ld+json\" class=\"yoast-schema-graph\">{\"@context\":\"https:\/\/schema.org\",\"@graph\":[{\"@type\":\"Article\",\"@id\":\"https:\/\/lasmimosasdelnalon.es\/asturias\/alimenta-los-sentidos-en-tu-casa-de-asturias\/#article\",\"isPartOf\":{\"@id\":\"https:\/\/lasmimosasdelnalon.es\/asturias\/alimenta-los-sentidos-en-tu-casa-de-asturias\/\"},\"author\":{\"name\":\"Carlos\",\"@id\":\"https:\/\/lasmimosasdelnalon.es\/#\/schema\/person\/9ee58888b86e82d61691d8e243f8a8ce\"},\"headline\":\"Alimenta los sentidos, en tu casa de Asturias\",\"datePublished\":\"2026-03-14T13:05:30+00:00\",\"dateModified\":\"2026-03-14T13:16:30+00:00\",\"mainEntityOfPage\":{\"@id\":\"https:\/\/lasmimosasdelnalon.es\/asturias\/alimenta-los-sentidos-en-tu-casa-de-asturias\/\"},\"wordCount\":249,\"commentCount\":0,\"publisher\":{\"@id\":\"https:\/\/lasmimosasdelnalon.es\/#organization\"},\"image\":{\"@id\":\"https:\/\/lasmimosasdelnalon.es\/asturias\/alimenta-los-sentidos-en-tu-casa-de-asturias\/#primaryimage\"},\"thumbnailUrl\":\"https:\/\/lasmimosasdelnalon.es\/wp-content\/uploads\/2026\/03\/ALIMENTA-LOS-SENTIDOS-Tu-casa-en-Asturias.png\",\"articleSection\":[\"Asturias\",\"Las Mimosas del Nal\u00f3n\",\"Planes en Asturias\"],\"inLanguage\":\"en-GB\",\"potentialAction\":[{\"@type\":\"CommentAction\",\"name\":\"Comment\",\"target\":[\"https:\/\/lasmimosasdelnalon.es\/asturias\/alimenta-los-sentidos-en-tu-casa-de-asturias\/#respond\"]}]},{\"@type\":\"WebPage\",\"@id\":\"https:\/\/lasmimosasdelnalon.es\/asturias\/alimenta-los-sentidos-en-tu-casa-de-asturias\/\",\"url\":\"https:\/\/lasmimosasdelnalon.es\/asturias\/alimenta-los-sentidos-en-tu-casa-de-asturias\/\",\"name\":\"Alimenta los sentidos, en tu casa de Asturias &#8212; Las Mimosas del Nal\u00f3n\",\"isPartOf\":{\"@id\":\"https:\/\/lasmimosasdelnalon.es\/#website\"},\"primaryImageOfPage\":{\"@id\":\"https:\/\/lasmimosasdelnalon.es\/asturias\/alimenta-los-sentidos-en-tu-casa-de-asturias\/#primaryimage\"},\"image\":{\"@id\":\"https:\/\/lasmimosasdelnalon.es\/asturias\/alimenta-los-sentidos-en-tu-casa-de-asturias\/#primaryimage\"},\"thumbnailUrl\":\"https:\/\/lasmimosasdelnalon.es\/wp-content\/uploads\/2026\/03\/ALIMENTA-LOS-SENTIDOS-Tu-casa-en-Asturias.png\",\"datePublished\":\"2026-03-14T13:05:30+00:00\",\"dateModified\":\"2026-03-14T13:16:30+00:00\",\"breadcrumb\":{\"@id\":\"https:\/\/lasmimosasdelnalon.es\/asturias\/alimenta-los-sentidos-en-tu-casa-de-asturias\/#breadcrumb\"},\"inLanguage\":\"en-GB\",\"potentialAction\":[{\"@type\":\"ReadAction\",\"target\":[\"https:\/\/lasmimosasdelnalon.es\/asturias\/alimenta-los-sentidos-en-tu-casa-de-asturias\/\"]}]},{\"@type\":\"ImageObject\",\"inLanguage\":\"en-GB\",\"@id\":\"https:\/\/lasmimosasdelnalon.es\/asturias\/alimenta-los-sentidos-en-tu-casa-de-asturias\/#primaryimage\",\"url\":\"https:\/\/lasmimosasdelnalon.es\/wp-content\/uploads\/2026\/03\/ALIMENTA-LOS-SENTIDOS-Tu-casa-en-Asturias.png\",\"contentUrl\":\"https:\/\/lasmimosasdelnalon.es\/wp-content\/uploads\/2026\/03\/ALIMENTA-LOS-SENTIDOS-Tu-casa-en-Asturias.png\",\"width\":2000,\"height\":2000,\"caption\":\"ALOJAMIENTO RECOMENDADO EN ASTURIAS\"},{\"@type\":\"BreadcrumbList\",\"@id\":\"https:\/\/lasmimosasdelnalon.es\/asturias\/alimenta-los-sentidos-en-tu-casa-de-asturias\/#breadcrumb\",\"itemListElement\":[{\"@type\":\"ListItem\",\"position\":1,\"name\":\"Portada\",\"item\":\"https:\/\/lasmimosasdelnalon.es\/\"},{\"@type\":\"ListItem\",\"position\":2,\"name\":\"Alimenta los sentidos, en tu casa de Asturias\"}]},{\"@type\":\"WebSite\",\"@id\":\"https:\/\/lasmimosasdelnalon.es\/#website\",\"url\":\"https:\/\/lasmimosasdelnalon.es\/\",\"name\":\"Las Mimosas del Nal\u00f3n\",\"description\":\"Alojamiento rural en Asturias\",\"publisher\":{\"@id\":\"https:\/\/lasmimosasdelnalon.es\/#organization\"},\"potentialAction\":[{\"@type\":\"SearchAction\",\"target\":{\"@type\":\"EntryPoint\",\"urlTemplate\":\"https:\/\/lasmimosasdelnalon.es\/?s={search_term_string}\"},\"query-input\":{\"@type\":\"PropertyValueSpecification\",\"valueRequired\":true,\"valueName\":\"search_term_string\"}}],\"inLanguage\":\"en-GB\"},{\"@type\":\"Organization\",\"@id\":\"https:\/\/lasmimosasdelnalon.es\/#organization\",\"name\":\"Las Mimosas del Nal\u00f3n\",\"url\":\"https:\/\/lasmimosasdelnalon.es\/\",\"logo\":{\"@type\":\"ImageObject\",\"inLanguage\":\"en-GB\",\"@id\":\"https:\/\/lasmimosasdelnalon.es\/#\/schema\/logo\/image\/\",\"url\":\"https:\/\/lasmimosasdelnalon.es\/wp-content\/uploads\/2026\/01\/1.1.-4-tintas-sin-fondo-scaled.png\",\"contentUrl\":\"https:\/\/lasmimosasdelnalon.es\/wp-content\/uploads\/2026\/01\/1.1.-4-tintas-sin-fondo-scaled.png\",\"width\":2560,\"height\":1879,\"caption\":\"Las Mimosas del Nal\u00f3n\"},\"image\":{\"@id\":\"https:\/\/lasmimosasdelnalon.es\/#\/schema\/logo\/image\/\"},\"sameAs\":[\"https:\/\/www.instagram.com\/lasmimosasdelnalon\/\",\"https:\/\/www.youtube.com\/@lasmimosasdelnalon\"]},{\"@type\":\"Person\",\"@id\":\"https:\/\/lasmimosasdelnalon.es\/#\/schema\/person\/9ee58888b86e82d61691d8e243f8a8ce\",\"name\":\"Carlos\",\"image\":{\"@type\":\"ImageObject\",\"inLanguage\":\"en-GB\",\"@id\":\"https:\/\/secure.gravatar.com\/avatar\/1802abeaf4bf26e666d97038308fc2dbea2816809dcff6ea3184aba0b90a51f0?s=96&d=mm&r=g\",\"url\":\"https:\/\/secure.gravatar.com\/avatar\/1802abeaf4bf26e666d97038308fc2dbea2816809dcff6ea3184aba0b90a51f0?s=96&d=mm&r=g\",\"contentUrl\":\"https:\/\/secure.gravatar.com\/avatar\/1802abeaf4bf26e666d97038308fc2dbea2816809dcff6ea3184aba0b90a51f0?s=96&d=mm&r=g\",\"caption\":\"Carlos\"},\"sameAs\":[\"http:\/\/lasmimosasdelnalon.es\"],\"url\":\"https:\/\/lasmimosasdelnalon.es\/en\/author\/carlos\/\"}]}<\/script>\n<!-- \/ Yoast SEO plugin. -->","yoast_head_json":{"title":"Nourish your senses, in your house in Asturias - Las Mimosas del Nal\u00f3n","robots":{"index":"index","follow":"follow","max-snippet":"max-snippet:-1","max-image-preview":"max-image-preview:large","max-video-preview":"max-video-preview:-1"},"canonical":"https:\/\/lasmimosasdelnalon.es\/en\/asturias\/nourish-the-senses-in-your-home-in-asturias\/","og_locale":"en_GB","og_type":"article","og_title":"Alimenta los sentidos, en tu casa de Asturias &#8212; Las Mimosas del Nal\u00f3n","og_description":"\u00abAlimenta los sentidos\u00bb Una forma de vivir Asturias con calma Aqu\u00ed en nuestro alojamiento, te acompa\u00f1amos\u00a0 para disfrutar la experiencia. Hay viajes que se organizan con listas.Y otros que empiezan mucho antes de llegar. Empiezan cuando decides bajar el ritmo. En Las Mimosas del Nal\u00f3n creemos que el descanso verdadero no se fuerza. Aparece cuando dejas espacio para sentir. Por eso nos inspira una idea sencilla nacida en Jap\u00f3n: el Shinrin-yoku o \u201cba\u00f1o de bosque\u201d. Una pr\u00e1ctica que no consiste en hacer m\u00e1s cosas, sino en estar presente y dejar que la naturaleza haga su trabajo. Aqu\u00ed, en la costa central de Asturias, ocurre algo parecido sin necesidad de explicarlo demasiado. La vista descansa sola entre verdes profundos, el r\u00edo Nal\u00f3n y el horizonte del mar. El o\u00eddo se calma con sonidos reales: aves, viento, agua y silencio. El olfato despierta con eucalipto, salitre y pan reci\u00e9n hecho. El tacto recuerda el placer de la hierba h\u00fameda, la madera y una manta al atardecer. El gusto celebra lo sencillo y aut\u00e9ntico de Asturias. \u00a0 Y entonces aparece algo m\u00e1s: la intuici\u00f3n.Ese sexto sentido que no se explica, pero confirma que este lugar se siente como casa. Alimentar los sentidos no es una actividad.Es una forma de estar. Aqu\u00ed no desconectas del mundo.Vuelves a conectarte contigo. Las Mimosas del Nal\u00f3n,tu casa en Asturias","og_url":"https:\/\/lasmimosasdelnalon.es\/en\/asturias\/nourish-the-senses-in-your-home-in-asturias\/","og_site_name":"Las Mimosas del Nal\u00f3n","article_published_time":"2026-03-14T13:05:30+00:00","article_modified_time":"2026-03-14T13:16:30+00:00","og_image":[{"width":1024,"height":1024,"url":"https:\/\/lasmimosasdelnalon.es\/wp-content\/uploads\/2026\/03\/ALIMENTA-LOS-SENTIDOS-Tu-casa-en-Asturias-1024x1024.png","type":"image\/png"}],"author":"Carlos","twitter_card":"summary_large_image","twitter_misc":{"Written by":"Carlos","Estimated reading time":"2 minutes"},"schema":{"@context":"https:\/\/schema.org","@graph":[{"@type":"Article","@id":"https:\/\/lasmimosasdelnalon.es\/asturias\/alimenta-los-sentidos-en-tu-casa-de-asturias\/#article","isPartOf":{"@id":"https:\/\/lasmimosasdelnalon.es\/asturias\/alimenta-los-sentidos-en-tu-casa-de-asturias\/"},"author":{"name":"Carlos","@id":"https:\/\/lasmimosasdelnalon.es\/#\/schema\/person\/9ee58888b86e82d61691d8e243f8a8ce"},"headline":"Alimenta los sentidos, en tu casa de Asturias","datePublished":"2026-03-14T13:05:30+00:00","dateModified":"2026-03-14T13:16:30+00:00","mainEntityOfPage":{"@id":"https:\/\/lasmimosasdelnalon.es\/asturias\/alimenta-los-sentidos-en-tu-casa-de-asturias\/"},"wordCount":249,"commentCount":0,"publisher":{"@id":"https:\/\/lasmimosasdelnalon.es\/#organization"},"image":{"@id":"https:\/\/lasmimosasdelnalon.es\/asturias\/alimenta-los-sentidos-en-tu-casa-de-asturias\/#primaryimage"},"thumbnailUrl":"https:\/\/lasmimosasdelnalon.es\/wp-content\/uploads\/2026\/03\/ALIMENTA-LOS-SENTIDOS-Tu-casa-en-Asturias.png","articleSection":["Asturias","Las Mimosas del Nal\u00f3n","Planes en Asturias"],"inLanguage":"en-GB","potentialAction":[{"@type":"CommentAction","name":"Comment","target":["https:\/\/lasmimosasdelnalon.es\/asturias\/alimenta-los-sentidos-en-tu-casa-de-asturias\/#respond"]}]},{"@type":"WebPage","@id":"https:\/\/lasmimosasdelnalon.es\/asturias\/alimenta-los-sentidos-en-tu-casa-de-asturias\/","url":"https:\/\/lasmimosasdelnalon.es\/asturias\/alimenta-los-sentidos-en-tu-casa-de-asturias\/","name":"Nourish your senses, in your house in Asturias - Las Mimosas del Nal\u00f3n","isPartOf":{"@id":"https:\/\/lasmimosasdelnalon.es\/#website"},"primaryImageOfPage":{"@id":"https:\/\/lasmimosasdelnalon.es\/asturias\/alimenta-los-sentidos-en-tu-casa-de-asturias\/#primaryimage"},"image":{"@id":"https:\/\/lasmimosasdelnalon.es\/asturias\/alimenta-los-sentidos-en-tu-casa-de-asturias\/#primaryimage"},"thumbnailUrl":"https:\/\/lasmimosasdelnalon.es\/wp-content\/uploads\/2026\/03\/ALIMENTA-LOS-SENTIDOS-Tu-casa-en-Asturias.png","datePublished":"2026-03-14T13:05:30+00:00","dateModified":"2026-03-14T13:16:30+00:00","breadcrumb":{"@id":"https:\/\/lasmimosasdelnalon.es\/asturias\/alimenta-los-sentidos-en-tu-casa-de-asturias\/#breadcrumb"},"inLanguage":"en-GB","potentialAction":[{"@type":"ReadAction","target":["https:\/\/lasmimosasdelnalon.es\/asturias\/alimenta-los-sentidos-en-tu-casa-de-asturias\/"]}]},{"@type":"ImageObject","inLanguage":"en-GB","@id":"https:\/\/lasmimosasdelnalon.es\/asturias\/alimenta-los-sentidos-en-tu-casa-de-asturias\/#primaryimage","url":"https:\/\/lasmimosasdelnalon.es\/wp-content\/uploads\/2026\/03\/ALIMENTA-LOS-SENTIDOS-Tu-casa-en-Asturias.png","contentUrl":"https:\/\/lasmimosasdelnalon.es\/wp-content\/uploads\/2026\/03\/ALIMENTA-LOS-SENTIDOS-Tu-casa-en-Asturias.png","width":2000,"height":2000,"caption":"ALOJAMIENTO RECOMENDADO EN ASTURIAS"},{"@type":"BreadcrumbList","@id":"https:\/\/lasmimosasdelnalon.es\/asturias\/alimenta-los-sentidos-en-tu-casa-de-asturias\/#breadcrumb","itemListElement":[{"@type":"ListItem","position":1,"name":"Portada","item":"https:\/\/lasmimosasdelnalon.es\/"},{"@type":"ListItem","position":2,"name":"Alimenta los sentidos, en tu casa de Asturias"}]},{"@type":"WebSite","@id":"https:\/\/lasmimosasdelnalon.es\/#website","url":"https:\/\/lasmimosasdelnalon.es\/","name":"The Mimosas del Nal\u00f3n","description":"Rural accommodation in Asturias","publisher":{"@id":"https:\/\/lasmimosasdelnalon.es\/#organization"},"potentialAction":[{"@type":"SearchAction","target":{"@type":"EntryPoint","urlTemplate":"https:\/\/lasmimosasdelnalon.es\/?s={search_term_string}"},"query-input":{"@type":"PropertyValueSpecification","valueRequired":true,"valueName":"search_term_string"}}],"inLanguage":"en-GB"},{"@type":"Organization","@id":"https:\/\/lasmimosasdelnalon.es\/#organization","name":"The Mimosas del Nal\u00f3n","url":"https:\/\/lasmimosasdelnalon.es\/","logo":{"@type":"ImageObject","inLanguage":"en-GB","@id":"https:\/\/lasmimosasdelnalon.es\/#\/schema\/logo\/image\/","url":"https:\/\/lasmimosasdelnalon.es\/wp-content\/uploads\/2026\/01\/1.1.-4-tintas-sin-fondo-scaled.png","contentUrl":"https:\/\/lasmimosasdelnalon.es\/wp-content\/uploads\/2026\/01\/1.1.-4-tintas-sin-fondo-scaled.png","width":2560,"height":1879,"caption":"Las Mimosas del Nal\u00f3n"},"image":{"@id":"https:\/\/lasmimosasdelnalon.es\/#\/schema\/logo\/image\/"},"sameAs":["https:\/\/www.instagram.com\/lasmimosasdelnalon\/","https:\/\/www.youtube.com\/@lasmimosasdelnalon"]},{"@type":"Person","@id":"https:\/\/lasmimosasdelnalon.es\/#\/schema\/person\/9ee58888b86e82d61691d8e243f8a8ce","name":"Carlos","image":{"@type":"ImageObject","inLanguage":"en-GB","@id":"https:\/\/secure.gravatar.com\/avatar\/1802abeaf4bf26e666d97038308fc2dbea2816809dcff6ea3184aba0b90a51f0?s=96&d=mm&r=g","url":"https:\/\/secure.gravatar.com\/avatar\/1802abeaf4bf26e666d97038308fc2dbea2816809dcff6ea3184aba0b90a51f0?s=96&d=mm&r=g","contentUrl":"https:\/\/secure.gravatar.com\/avatar\/1802abeaf4bf26e666d97038308fc2dbea2816809dcff6ea3184aba0b90a51f0?s=96&d=mm&r=g","caption":"Carlos"},"sameAs":["http:\/\/lasmimosasdelnalon.es"],"url":"https:\/\/lasmimosasdelnalon.es\/en\/author\/carlos\/"}]}},"_links":{"self":[{"href":"https:\/\/lasmimosasdelnalon.es\/en\/wp-json\/wp\/v2\/posts\/2865","targetHints":{"allow":["GET"]}}],"collection":[{"href":"https:\/\/lasmimosasdelnalon.es\/en\/wp-json\/wp\/v2\/posts"}],"about":[{"href":"https:\/\/lasmimosasdelnalon.es\/en\/wp-json\/wp\/v2\/types\/post"}],"author":[{"embeddable":true,"href":"https:\/\/lasmimosasdelnalon.es\/en\/wp-json\/wp\/v2\/users\/2"}],"replies":[{"embeddable":true,"href":"https:\/\/lasmimosasdelnalon.es\/en\/wp-json\/wp\/v2\/comments?post=2865"}],"version-history":[{"count":11,"href":"https:\/\/lasmimosasdelnalon.es\/en\/wp-json\/wp\/v2\/posts\/2865\/revisions"}],"predecessor-version":[{"id":2878,"href":"https:\/\/lasmimosasdelnalon.es\/en\/wp-json\/wp\/v2\/posts\/2865\/revisions\/2878"}],"wp:featuredmedia":[{"embeddable":true,"href":"https:\/\/lasmimosasdelnalon.es\/en\/wp-json\/wp\/v2\/media\/2873"}],"wp:attachment":[{"href":"https:\/\/lasmimosasdelnalon.es\/en\/wp-json\/wp\/v2\/media?parent=2865"}],"wp:term":[{"taxonomy":"category","embeddable":true,"href":"https:\/\/lasmimosasdelnalon.es\/en\/wp-json\/wp\/v2\/categories?post=2865"},{"taxonomy":"post_tag","embeddable":true,"href":"https:\/\/lasmimosasdelnalon.es\/en\/wp-json\/wp\/v2\/tags?post=2865"}],"curies":[{"name":"wp","href":"https:\/\/api.w.org\/{rel}","templated":true}]}}